{"id":24330,"date":"2015-06-02T23:03:11","date_gmt":"2015-06-02T20:03:11","guid":{"rendered":"http:\/\/www.sana.sy\/es\/?p=24330"},"modified":"2015-06-03T16:08:31","modified_gmt":"2015-06-03T13:08:31","slug":"rohani-iran-continuara-su-apoyo-a-siria-en-su-lucha-contra-el-terrorismo","status":"publish","type":"post","link":"https:\/\/archive.sana.sy\/es\/?p=24330","title":{"rendered":"Rohani: Ir\u00e1n continuar\u00e1 su apoyo a Siria en su lucha contra el terrorismo"},"content":{"rendered":"<div><span lang=\"ES-TRAD\" style=\"color: #800000\">Teher\u00e1n, SANA<\/span><\/div>\n<div><\/div>\n<div><span lang=\"ES-TRAD\">El presidente de Ir\u00e1n, Hassan Rohani, se reuni\u00f3 este martes en la capital iran\u00ed Teher\u00e1n, con el presidente de la Asamblea del Pueblo, Mohammed Jihad al-Laham.<\/span><\/div>\n<div><span lang=\"ES-TRAD\">\u00a0<\/span><\/div>\n<div><span lang=\"ES-TRAD\">El presidente iran\u00ed reiter\u00f3 que el gobierno y el pueblo de Ir\u00e1n mantendr\u00e1n su apoyo a Siria en la lucha de esta \u00faltima contra el terrorismo que sufre desde hace m\u00e1s de cuatro a\u00f1os.<\/span><\/div>\n<div><span lang=\"ES-TRAD\">\u00a0<\/span><\/div>\n<div><span lang=\"ES-TRAD\">Asimismo, reafirm\u00f3 la voluntad conjunta de los dos pa\u00edses en la construcci\u00f3n de relaciones m\u00e1s s\u00f3lidas en todos los campos, indicando en este sentido, que &#8220;las relaciones estrat\u00e9gicas entre los dos pa\u00edses evolucionan con un ritmo muy acelerado.<\/span><\/div>\n<div><span lang=\"ES-TRAD\">\u00a0<\/span><\/div>\n<div><span lang=\"ES-TRAD\">El mandatario iran\u00ed agreg\u00f3 que &#8220;aquellos que desataron esta guerra terrorista contra Siria se creyeron que pod\u00edan alcanzar sus objetivos en cuesti\u00f3n de meses, pero hoy y despu\u00e9s de cuatro a\u00f1os y medio, la paciencia y firmeza por el pueblo frustr\u00f3 a los patrocinadores de la guerra anti-siria&#8221;.<\/span><\/div>\n<div><span lang=\"ES-TRAD\">\u00a0<\/span><\/div>\n<div><span lang=\"ES-TRAD\">A su vez, el presidente del parlamento manifest\u00f3 &#8220;la determinaci\u00f3n de Siria de continuar su lucha contra el terrorismo y la ideolog\u00eda takfirista hasta la liberaci\u00f3n de todo el territorio sirio de la amenaza del terrorismo.&#8221;<\/span><\/div>\n<div><span lang=\"ES-TRAD\">\u00a0<\/span><\/div>\n<div><span lang=\"ES-TRAD\">Al-Laham hizo alusi\u00f3n al papel hostil y destructivo jugado por algunos pa\u00edses occidentales y regionales mediante la prestaci\u00f3n de todo tipo de apoyo a los terroristas para asesinar a los civiles inocentes y destruir la civilizaci\u00f3n de Siria y su infraestructura al servicio del proyecto sionista-americano.<\/span><\/div>\n<div><\/div>\n<div><span lang=\"ES-TRAD\">Por \u00faltimo, el presidente del parlamento sirio exigi\u00f3 que se tomen medidas nacionales, regionales e internacionales para enfrentar de &#8220;manera efectiva&#8221; las amenazas de las organizaciones terroristas.<\/span><\/div>\n<div><\/div>\n<div><span style=\"color: #0000ff\">al-Laham se re\u00fane con el Secretario del Consejo Supremo de Seguridad Nacional de Ir\u00e1n<\/span><\/div>\n<div><\/div>\n<div>El Secretario del Consejo Supremo de Seguridad Nacional, Ali Shamkhani, subray\u00f3 durante su reuni\u00f3n con al-Laham que EE.UU. apoya el terrorismo en Siria y la regi\u00f3n, opinando que sus alegaciones de formar una alianza contra el terrorismo no es m\u00e1s que un enga\u00f1o.Shamkhani dijo que Ir\u00e1n concede especial importancia a Siria y est\u00e1 siguiendo de cerca la evoluci\u00f3n de los acontecimientos en la misma, resaltando que el terrorismo amenaza la paz y la seguridad en el mundo, y ahora es transfronterizo porque no hay voluntad seria para combatirlo.<br \/>\n<img loading=\"lazy\" decoding=\"async\" class=\"aligncenter size-medium wp-image-24338\" src=\"http:\/\/sana.sy\/es\/wp-content\/uploads\/2015\/06\/Laham-Shamkhani-300x192.jpg\" alt=\"Laham Shamkhani\" width=\"300\" height=\"192\" srcset=\"https:\/\/archive.sana.sy\/es\/wp-content\/uploads\/2015\/06\/Laham-Shamkhani-300x192.jpg 300w, https:\/\/archive.sana.sy\/es\/wp-content\/uploads\/2015\/06\/Laham-Shamkhani-150x96.jpg 150w, https:\/\/archive.sana.sy\/es\/wp-content\/uploads\/2015\/06\/Laham-Shamkhani.jpg 500w\" sizes=\"(max-width: 300px) 100vw, 300px\" \/><br \/>\nasimismo, dijo que su pa\u00eds siempre hizo hincapi\u00e9 en la inadmisibilidad de la injerencia en los asuntos internos de Siria y la necesidad de respetar su soberan\u00eda, y expres\u00f3 su confianza en la victoria de Siria que ha resistido durante m\u00e1s de cuatro a\u00f1os.Por su parte, el presidente del parlamento asegur\u00f3 que el terrorismo en Siria, Irak, Egipto y Libia no permanecer\u00e1n confinados dentro de las fronteras de estos pa\u00edses, indicando a la responsabilidad conjunta de los pueblos de la regi\u00f3n para proteger a sus pueblos de los cr\u00edmenes cometidos por la organizaci\u00f3n terrorista del Estado Isl\u00e1mico.<\/div>\n<div><\/div>\n<div><span style=\"color: #0000ff\">El presidente del Parlamento Mohammed Jihad al-Laham, se re\u00fane con el canciller iran\u00ed, Mohamad Yavad Zarif<\/span>El canciller iran\u00ed, Mohamad Yavad Zarif, ha reiterado durante una reuni\u00f3n que mantuvo con el presidente de la Asamblea del Pueblo, Mohammed Jihad al-Laham, el compromiso de Ir\u00e1n de continuar apoyando a Siria y su pueblo en su lucha contra el terrorismo y contra sus partidarios.<\/p>\n<p>Al-Laham por su parte, ha denunciado la falta de seriedad de ciertos pa\u00edses que alegan combatir al terrorismo, a la vez que ha agradecido los apoyos de la Rep\u00fablica Isl\u00e1mica a Damasco en su lucha contra los extremistas.<\/p>\n<p>Asimismo, hizo hincapi\u00e9 en la necesidad de movilizar los esfuerzos para enfrentar el terrorismo takfirista y trabajar duro para evitar el suministro a los terroristas con dinero y armas, de conformidad con las resoluciones pertinentes del Consejo de Seguridad de la ONU.<\/p>\n<p>En el mismo contexto, el presidente del parlamento manifest\u00f3 \u201cla determinaci\u00f3n de Siria de continuar su lucha contra el terrorismo y la ideolog\u00eda takfirista hasta la liberaci\u00f3n de todo el territorio sirio de la amenaza del terrorismo.\u201d<br \/>\nZarif ha congratulado a la naci\u00f3n y al Gobierno sirios, presidido por Bashar al-Asad, por su \u201cresistencia hist\u00f3rica ante los terroristas\u201d, asegurando que Siria finalmente saldr\u00e1 victorioso en esta batalla.<\/p>\n<p>\u201cHoy d\u00eda, los patrocinadores de grupos terroristas han sido marginados y se vieron obligados a colaborar con el Gobierno y la naci\u00f3n sirios. Ellos se han dado cuenta de que no pueden garantizar su influencia y la seguridad en la regi\u00f3n con el dinero o la venta de juguetes de guerra\u201d, ha agregado.<\/p>\n<p>El canciller ha abogado por una mayor cooperaci\u00f3n trilateral entre Ir\u00e1n, Siria e Irak en todos los terrenos, particularmente en la lucha contra el terrorismo, rechazando cualquier injerencia for\u00e1nea en los asuntos internos de los Estados de la regi\u00f3n.<\/p>\n<p>\u201cNuestra pol\u00edtica en respaldar a Siria es inmutable\u201d, ha dicho el jefe de la Diplomacia iran\u00ed.<\/p>\n<p>Al-Laham lleg\u00f3 el domingo a Ir\u00e1n donde ha mantenido encuentros con su hom\u00f3logo iran\u00ed, Ali Lariyani, con el asesor del L\u00edder de la Revoluci\u00f3n Isl\u00e1mica de Ir\u00e1n para Asuntos Internacionales, Ali Akbar Velayati, con el presidente, Hasan Rohani, as\u00ed como con el secretario del Consejo Supremo de Seguridad Nacional de Ir\u00e1n, Ali Shamjani, en los que ha abordado temas de \u00edndole bilateral, tanto regional como internacional.<\/p>\n<\/div>\n<div><\/div>\n<div><\/div>\n<div>Fady M., Lynn A., M.Miri<\/div>\n","protected":false},"excerpt":{"rendered":"<p>Teher\u00e1n, SANA El presidente de Ir\u00e1n, Hassan Rohani, se reuni\u00f3 este martes en la capital iran\u00ed Teher\u00e1n, con el presidente de la Asamblea del Pueblo, Mohammed Jihad al-Laham. \u00a0 El presidente iran\u00ed reiter\u00f3 que el gobierno y el pueblo de Ir\u00e1n mantendr\u00e1n su apoyo a Siria en la lucha de esta \u00faltima contra el terrorismo &hellip;<\/p>\n","protected":false},"author":24,"featured_media":24331,"comment_status":"closed","ping_status":"closed","sticky":false,"template":"","format":"standard","meta":{"footnotes":""},"categories":[456,457,576],"tags":[],"class_list":["post-24330","post","type-post","status-publish","format-standard","has-post-thumbnail","","category-arabe-internacional-politica","category-noticias-arabe-internacional-politica","category-noticias-politicas"],"_links":{"self":[{"href":"https:\/\/archive.sana.sy\/es\/index.php?rest_route=\/wp\/v2\/posts\/24330"}],"collection":[{"href":"https:\/\/archive.sana.sy\/es\/index.php?rest_route=\/wp\/v2\/posts"}],"about":[{"href":"https:\/\/archive.sana.sy\/es\/index.php?rest_route=\/wp\/v2\/types\/post"}],"author":[{"embeddable":true,"href":"https:\/\/archive.sana.sy\/es\/index.php?rest_route=\/wp\/v2\/users\/24"}],"replies":[{"embeddable":true,"href":"https:\/\/archive.sana.sy\/es\/index.php?rest_route=%2Fwp%2Fv2%2Fcomments&post=24330"}],"version-history":[{"count":0,"href":"https:\/\/archive.sana.sy\/es\/index.php?rest_route=\/wp\/v2\/posts\/24330\/revisions"}],"wp:featuredmedia":[{"embeddable":true,"href":"https:\/\/archive.sana.sy\/es\/index.php?rest_route=\/wp\/v2\/media\/24331"}],"wp:attachment":[{"href":"https:\/\/archive.sana.sy\/es\/index.php?rest_route=%2Fwp%2Fv2%2Fmedia&parent=24330"}],"wp:term":[{"taxonomy":"category","embeddable":true,"href":"https:\/\/archive.sana.sy\/es\/index.php?rest_route=%2Fwp%2Fv2%2Fcategories&post=24330"},{"taxonomy":"post_tag","embeddable":true,"href":"https:\/\/archive.sana.sy\/es\/index.php?rest_route=%2Fwp%2Fv2%2Ftags&post=24330"}],"curies":[{"name":"wp","href":"https:\/\/api.w.org\/{rel}","templated":true}]}}