{"id":243452,"date":"2022-07-14T21:33:42","date_gmt":"2022-07-14T18:33:42","guid":{"rendered":"http:\/\/107.6.182.27\/es\/?p=243452"},"modified":"2023-01-10T15:56:08","modified_gmt":"2023-01-10T13:56:08","slug":"iran-nuestra-respuesta-sera-dura-a-cualquier-error-de-ee-uu-y-sus-aliados","status":"publish","type":"post","link":"https:\/\/archive.sana.sy\/es\/?p=243452","title":{"rendered":"Ir\u00e1n: nuestra respuesta ser\u00e1 dura a cualquier error de EE.UU. y sus aliados"},"content":{"rendered":"<p style=\"text-align: justify;\"><span style=\"color: #800000;\"><strong>Teher\u00e1n, 14 jul (SANA)<\/strong> <\/span>El presidente de Ir\u00e1n, Ebrahim Raisi, declar\u00f3 que Teher\u00e1n dar\u00e1 una &#8220;respuesta dura y lamentable&#8221; ante cualquier &#8220;error&#8221; que cometa Washington o sus aliados, despu\u00e9s de que EE.UU. e Israel manifestaran su intenci\u00f3n de detener el desarrollo del programa nuclear iran\u00ed.<\/p>\n<p style=\"text-align: justify;\">&#8220;La gran naci\u00f3n de Ir\u00e1n no aceptar\u00e1 ninguna inseguridad o crisis en la regi\u00f3n, y Washington y sus aliados deben saber que cualquier error tendr\u00e1 una respuesta dura y lamentable por parte de Ir\u00e1n&#8221;, dijo Raisi citado por RT.<\/p>\n<p style=\"text-align: justify;\">Las palabras del mandatario iran\u00ed tienen lugar horas desp\u00faes de la reuni\u00f3n en Jerusal\u00e9n de los l\u00edderes de EE.UU. e Israel, que adoptaron la Declaraci\u00f3n Conjunta sobre Cooperaci\u00f3n Estrat\u00e9gica.<\/p>\n<p style=\"text-align: justify;\">fm\/sm<\/p>\n","protected":false},"excerpt":{"rendered":"<p>Teher\u00e1n, 14 jul (SANA) El presidente de Ir\u00e1n, Ebrahim Raisi, declar\u00f3 que Teher\u00e1n dar\u00e1 una &#8220;respuesta dura y lamentable&#8221; ante cualquier &#8220;error&#8221; que cometa Washington o sus aliados, despu\u00e9s de que EE.UU. e Israel manifestaran su intenci\u00f3n de detener el desarrollo del programa nuclear iran\u00ed. &#8220;La gran naci\u00f3n de Ir\u00e1n no aceptar\u00e1 ninguna inseguridad o &hellip;<\/p>\n","protected":false},"author":39,"featured_media":243453,"comment_status":"closed","ping_status":"closed","sticky":false,"template":"","format":"standard","meta":{"footnotes":""},"categories":[597,456,7541],"tags":[],"class_list":["post-243452","post","type-post","status-publish","format-standard","has-post-thumbnail","","category-cinta-de-noticias","category-arabe-internacional-politica","category-ultimas-noticias"],"_links":{"self":[{"href":"https:\/\/archive.sana.sy\/es\/index.php?rest_route=\/wp\/v2\/posts\/243452"}],"collection":[{"href":"https:\/\/archive.sana.sy\/es\/index.php?rest_route=\/wp\/v2\/posts"}],"about":[{"href":"https:\/\/archive.sana.sy\/es\/index.php?rest_route=\/wp\/v2\/types\/post"}],"author":[{"embeddable":true,"href":"https:\/\/archive.sana.sy\/es\/index.php?rest_route=\/wp\/v2\/users\/39"}],"replies":[{"embeddable":true,"href":"https:\/\/archive.sana.sy\/es\/index.php?rest_route=%2Fwp%2Fv2%2Fcomments&post=243452"}],"version-history":[{"count":0,"href":"https:\/\/archive.sana.sy\/es\/index.php?rest_route=\/wp\/v2\/posts\/243452\/revisions"}],"wp:featuredmedia":[{"embeddable":true,"href":"https:\/\/archive.sana.sy\/es\/index.php?rest_route=\/wp\/v2\/media\/243453"}],"wp:attachment":[{"href":"https:\/\/archive.sana.sy\/es\/index.php?rest_route=%2Fwp%2Fv2%2Fmedia&parent=243452"}],"wp:term":[{"taxonomy":"category","embeddable":true,"href":"https:\/\/archive.sana.sy\/es\/index.php?rest_route=%2Fwp%2Fv2%2Fcategories&post=243452"},{"taxonomy":"post_tag","embeddable":true,"href":"https:\/\/archive.sana.sy\/es\/index.php?rest_route=%2Fwp%2Fv2%2Ftags&post=243452"}],"curies":[{"name":"wp","href":"https:\/\/api.w.org\/{rel}","templated":true}]}}