{"id":243492,"date":"2022-07-15T20:15:34","date_gmt":"2022-07-15T17:15:34","guid":{"rendered":"http:\/\/107.6.182.27\/es\/?p=243492"},"modified":"2022-07-15T21:49:29","modified_gmt":"2022-07-15T18:49:29","slug":"reportan-bombardeos-con-artilleria-de-las-fuerzas-turcas-contra-zonas-residenciales-sirias-en-hasakeh","status":"publish","type":"post","link":"https:\/\/archive.sana.sy\/es\/?p=243492","title":{"rendered":"Reportan bombardeos con artiller\u00eda de las fuerzas turcas contra zonas residenciales sirias en Hasakeh"},"content":{"rendered":"<p style=\"text-align: justify;\"><strong><span style=\"color: #800000;\">Hasakeh, 15 juL (SANA)<\/span> <\/strong>Las fuerzas del ocupante turco y sus mercenarios reanudaron su agresi\u00f3n contra zonas residenciales en el campo de la noroccidental provincia siria de Hasakeh.<\/p>\n<p style=\"text-align: justify;\">\u201cAl amanecer, los militares y lacayos de Ankara bombardearon con artiller\u00eda la aldea de Al-Tawila al noroeste de Hasakeh causando da\u00f1os materiales en las propiedades y viviendas de los lugare\u00f1os\u201d, informaron activistas locales a nuestro corresponsal.<\/p>\n<p style=\"text-align: justify;\">Semejante agresi\u00f3n tuvo lugar la v\u00edspera contra la aldea de Debs y sus alrededores al norte de Raqa, lo que caus\u00f3 graves da\u00f1os materiales a las casas de los civiles.<\/p>\n<p style=\"text-align: justify;\"><em><strong>ah\/fm<\/strong><\/em><\/p>\n","protected":false},"excerpt":{"rendered":"<p>Hasakeh, 15 juL (SANA) Las fuerzas del ocupante turco y sus mercenarios reanudaron su agresi\u00f3n contra zonas residenciales en el campo de la noroccidental provincia siria de Hasakeh. \u201cAl amanecer, los militares y lacayos de Ankara bombardearon con artiller\u00eda la aldea de Al-Tawila al noroeste de Hasakeh causando da\u00f1os materiales en las propiedades y viviendas &hellip;<\/p>\n","protected":false},"author":30,"featured_media":243494,"comment_status":"closed","ping_status":"closed","sticky":false,"template":"","format":"standard","meta":{"footnotes":""},"categories":[477,597,573,7541],"tags":[],"class_list":["post-243492","post","type-post","status-publish","format-standard","has-post-thumbnail","","category-noticias-edulcorantes","category-cinta-de-noticias","category-la-realidad-de-los-acontecimientos-en-siria","category-ultimas-noticias"],"_links":{"self":[{"href":"https:\/\/archive.sana.sy\/es\/index.php?rest_route=\/wp\/v2\/posts\/243492"}],"collection":[{"href":"https:\/\/archive.sana.sy\/es\/index.php?rest_route=\/wp\/v2\/posts"}],"about":[{"href":"https:\/\/archive.sana.sy\/es\/index.php?rest_route=\/wp\/v2\/types\/post"}],"author":[{"embeddable":true,"href":"https:\/\/archive.sana.sy\/es\/index.php?rest_route=\/wp\/v2\/users\/30"}],"replies":[{"embeddable":true,"href":"https:\/\/archive.sana.sy\/es\/index.php?rest_route=%2Fwp%2Fv2%2Fcomments&post=243492"}],"version-history":[{"count":0,"href":"https:\/\/archive.sana.sy\/es\/index.php?rest_route=\/wp\/v2\/posts\/243492\/revisions"}],"wp:featuredmedia":[{"embeddable":true,"href":"https:\/\/archive.sana.sy\/es\/index.php?rest_route=\/wp\/v2\/media\/243494"}],"wp:attachment":[{"href":"https:\/\/archive.sana.sy\/es\/index.php?rest_route=%2Fwp%2Fv2%2Fmedia&parent=243492"}],"wp:term":[{"taxonomy":"category","embeddable":true,"href":"https:\/\/archive.sana.sy\/es\/index.php?rest_route=%2Fwp%2Fv2%2Fcategories&post=243492"},{"taxonomy":"post_tag","embeddable":true,"href":"https:\/\/archive.sana.sy\/es\/index.php?rest_route=%2Fwp%2Fv2%2Ftags&post=243492"}],"curies":[{"name":"wp","href":"https:\/\/api.w.org\/{rel}","templated":true}]}}