{"id":243508,"date":"2022-07-15T14:11:59","date_gmt":"2022-07-15T11:11:59","guid":{"rendered":"http:\/\/107.6.182.27\/es\/?p=243508"},"modified":"2023-01-10T15:56:07","modified_gmt":"2023-01-10T13:56:07","slug":"ejercito-ruso-revela-documentos-que-confirman-desercion-masiva-entre-paracaidistas-ucranianos","status":"publish","type":"post","link":"https:\/\/archive.sana.sy\/es\/?p=243508","title":{"rendered":"Ej\u00e9rcito ruso revela documentos que confirman deserci\u00f3n masiva entre paracaidistas ucranianos"},"content":{"rendered":"<p style=\"text-align: justify;\"><span style=\"color: #800000;\"><strong>Mosc\u00fa, 15 jul (SANA)\u00a0<\/strong> <\/span>\u00a0El ej\u00e9rcito ruso revel\u00f3 documentos confiscados que confirman la existencia de deserciones masivas entre los paracaidistas ucranianos en todas las regiones y bajo varios pretextos.<\/p>\n<p style=\"text-align: justify;\"><img loading=\"lazy\" decoding=\"async\" class=\"size-medium wp-image-243510 alignright\" src=\"http:\/\/107.6.182.27\/es\/wp-content\/uploads\/2022\/07\/1-78-300x169.jpg\" alt=\"\" width=\"300\" height=\"169\" srcset=\"https:\/\/archive.sana.sy\/es\/wp-content\/uploads\/2022\/07\/1-78-300x169.jpg 300w, https:\/\/archive.sana.sy\/es\/wp-content\/uploads\/2022\/07\/1-78-1024x575.jpg 1024w, https:\/\/archive.sana.sy\/es\/wp-content\/uploads\/2022\/07\/1-78-150x84.jpg 150w, https:\/\/archive.sana.sy\/es\/wp-content\/uploads\/2022\/07\/1-78-768x431.jpg 768w, https:\/\/archive.sana.sy\/es\/wp-content\/uploads\/2022\/07\/1-78.jpg 1280w\" sizes=\"(max-width: 300px) 100vw, 300px\" \/><\/p>\n<p style=\"text-align: justify;\">&#8220;Se confiscaron documentos que confirman una deserci\u00f3n masiva de decenas de soldados y sargentos de la Brigada 2\u00ba de Paracaidistas Ucranianos de la Unidad Militar No. 1126E\u201d, seg\u00fan difundi\u00f3 la Agencia RIA Novosti citando a una fuente de Fuerzas Especiales de la Guardia Rusa en la Rep\u00fablica Popular de Lugansk.<\/p>\n<p style=\"text-align: justify;\">Agreg\u00f3 que muchos paracaidistas ucranianos abandonaron la primera l\u00ednea de defensa en el per\u00edodo que se extiende de abril a junio pasados sin permiso, y los documentos confiscados revelan nombres, t\u00edtulos, primeros nombres, cargos militares y rangos de decenas de fugitivos.<\/p>\n<p style=\"text-align: justify;\">Se\u00f1al\u00f3 que algunos paracaidistas ucranianos aprovechan cualquier oportunidad para escapar.<\/p>\n<p style=\"text-align: justify;\">sm<\/p>\n","protected":false},"excerpt":{"rendered":"<p>Mosc\u00fa, 15 jul (SANA)\u00a0 \u00a0El ej\u00e9rcito ruso revel\u00f3 documentos confiscados que confirman la existencia de deserciones masivas entre los paracaidistas ucranianos en todas las regiones y bajo varios pretextos. &#8220;Se confiscaron documentos que confirman una deserci\u00f3n masiva de decenas de soldados y sargentos de la Brigada 2\u00ba de Paracaidistas Ucranianos de la Unidad Militar No. &hellip;<\/p>\n","protected":false},"author":39,"featured_media":243509,"comment_status":"closed","ping_status":"closed","sticky":false,"template":"","format":"standard","meta":{"footnotes":""},"categories":[597,456,7541],"tags":[],"class_list":["post-243508","post","type-post","status-publish","format-standard","has-post-thumbnail","","category-cinta-de-noticias","category-arabe-internacional-politica","category-ultimas-noticias"],"_links":{"self":[{"href":"https:\/\/archive.sana.sy\/es\/index.php?rest_route=\/wp\/v2\/posts\/243508"}],"collection":[{"href":"https:\/\/archive.sana.sy\/es\/index.php?rest_route=\/wp\/v2\/posts"}],"about":[{"href":"https:\/\/archive.sana.sy\/es\/index.php?rest_route=\/wp\/v2\/types\/post"}],"author":[{"embeddable":true,"href":"https:\/\/archive.sana.sy\/es\/index.php?rest_route=\/wp\/v2\/users\/39"}],"replies":[{"embeddable":true,"href":"https:\/\/archive.sana.sy\/es\/index.php?rest_route=%2Fwp%2Fv2%2Fcomments&post=243508"}],"version-history":[{"count":0,"href":"https:\/\/archive.sana.sy\/es\/index.php?rest_route=\/wp\/v2\/posts\/243508\/revisions"}],"wp:featuredmedia":[{"embeddable":true,"href":"https:\/\/archive.sana.sy\/es\/index.php?rest_route=\/wp\/v2\/media\/243509"}],"wp:attachment":[{"href":"https:\/\/archive.sana.sy\/es\/index.php?rest_route=%2Fwp%2Fv2%2Fmedia&parent=243508"}],"wp:term":[{"taxonomy":"category","embeddable":true,"href":"https:\/\/archive.sana.sy\/es\/index.php?rest_route=%2Fwp%2Fv2%2Fcategories&post=243508"},{"taxonomy":"post_tag","embeddable":true,"href":"https:\/\/archive.sana.sy\/es\/index.php?rest_route=%2Fwp%2Fv2%2Ftags&post=243508"}],"curies":[{"name":"wp","href":"https:\/\/api.w.org\/{rel}","templated":true}]}}