{"id":24351,"date":"2015-06-02T16:28:06","date_gmt":"2015-06-02T13:28:06","guid":{"rendered":"http:\/\/sana.sy\/es\/?p=24351"},"modified":"2015-06-02T16:28:06","modified_gmt":"2015-06-02T13:28:06","slug":"arrestados-ocho-narcotraficantes-con-cantidades-de-hachis-en-damasco-y-su-suburbio","status":"publish","type":"post","link":"https:\/\/archive.sana.sy\/es\/?p=24351","title":{"rendered":"Arrestados ocho narcotraficantes con cantidades de hach\u00eds en Damasco y su suburbio"},"content":{"rendered":"<p><span style=\"color: #800000\">Damasco, SANA<\/span><\/p>\n<p>El Departamento Antidroga arrest\u00f3 este martes a ocho narcotraficantes con 13,5 kg de hach\u00eds en Damasco y su suburbio.<\/p>\n<p>Una fuente en el Ministerio del Interior se\u00f1al\u00f3 en un comunicado que el DA confisc\u00f3 tambi\u00e9n a los narcotraficantes 1049 pastillas \u201cCaptag\u00f3n\u201d, un fusil autom\u00e1tico y una pistoleta.<\/p>\n<p>Es de se\u00f1alar que el DA hab\u00eda interceptado\u00a0el 11 del pasado mes de mayo un cami\u00f3n en Damasco que cargaba alrededor de una tonelada de hach\u00eds que iba a ser contrabandeada al exterior del pa\u00eds.<br \/>\nLynn A.<\/p>\n","protected":false},"excerpt":{"rendered":"<p>Damasco, SANA El Departamento Antidroga arrest\u00f3 este martes a ocho narcotraficantes con 13,5 kg de hach\u00eds en Damasco y su suburbio. Una fuente en el Ministerio del Interior se\u00f1al\u00f3 en un comunicado que el DA confisc\u00f3 tambi\u00e9n a los narcotraficantes 1049 pastillas \u201cCaptag\u00f3n\u201d, un fusil autom\u00e1tico y una pistoleta. Es de se\u00f1alar que el DA &hellip;<\/p>\n","protected":false},"author":24,"featured_media":12605,"comment_status":"closed","ping_status":"closed","sticky":false,"template":"","format":"standard","meta":{"footnotes":""},"categories":[477,476],"tags":[5488],"class_list":["post-24351","post","type-post","status-publish","format-standard","has-post-thumbnail","","category-noticias-edulcorantes","category-locales","tag-arrestados-ocho-narcotraficantes-con-cantidades-de-hachis-en-damasco-y-su-suburbio"],"_links":{"self":[{"href":"https:\/\/archive.sana.sy\/es\/index.php?rest_route=\/wp\/v2\/posts\/24351"}],"collection":[{"href":"https:\/\/archive.sana.sy\/es\/index.php?rest_route=\/wp\/v2\/posts"}],"about":[{"href":"https:\/\/archive.sana.sy\/es\/index.php?rest_route=\/wp\/v2\/types\/post"}],"author":[{"embeddable":true,"href":"https:\/\/archive.sana.sy\/es\/index.php?rest_route=\/wp\/v2\/users\/24"}],"replies":[{"embeddable":true,"href":"https:\/\/archive.sana.sy\/es\/index.php?rest_route=%2Fwp%2Fv2%2Fcomments&post=24351"}],"version-history":[{"count":0,"href":"https:\/\/archive.sana.sy\/es\/index.php?rest_route=\/wp\/v2\/posts\/24351\/revisions"}],"wp:featuredmedia":[{"embeddable":true,"href":"https:\/\/archive.sana.sy\/es\/index.php?rest_route=\/wp\/v2\/media\/12605"}],"wp:attachment":[{"href":"https:\/\/archive.sana.sy\/es\/index.php?rest_route=%2Fwp%2Fv2%2Fmedia&parent=24351"}],"wp:term":[{"taxonomy":"category","embeddable":true,"href":"https:\/\/archive.sana.sy\/es\/index.php?rest_route=%2Fwp%2Fv2%2Fcategories&post=24351"},{"taxonomy":"post_tag","embeddable":true,"href":"https:\/\/archive.sana.sy\/es\/index.php?rest_route=%2Fwp%2Fv2%2Ftags&post=24351"}],"curies":[{"name":"wp","href":"https:\/\/api.w.org\/{rel}","templated":true}]}}