{"id":24353,"date":"2015-06-02T16:43:34","date_gmt":"2015-06-02T13:43:34","guid":{"rendered":"http:\/\/sana.sy\/es\/?p=24353"},"modified":"2015-06-02T18:35:33","modified_gmt":"2015-06-02T15:35:33","slug":"una-delegacion-parlamentaria-armenia-visita-siria","status":"publish","type":"post","link":"https:\/\/archive.sana.sy\/es\/?p=24353","title":{"rendered":"Una delegaci\u00f3n parlamentaria armenia visita Siria"},"content":{"rendered":"<p><span style=\"color: #800000\">Damasco, SANA<\/span><\/p>\n<p>Una delegaci\u00f3n parlamentaria armenia ha llegado este martes a Damasco para expresar su solidaridad con Siria frente a la ofensiva terrorista librada en su contra.<\/p>\n<p>El presidente de la delegaci\u00f3n del Grupo de Amistad Armenio-Sirio Tachat Vartabedian declar\u00f3 desde el paso fronterizo con el L\u00edbano de Yedaidat Yabous que la visita tiene por objetivo denunciar el terrorismo que est\u00e1 azotando Siria, expresando su esperanza en el restablecimiento de la seguridad en esta naci\u00f3n lo antes posible.<\/p>\n<p>La delegaci\u00f3n armenia que incluye a parlamentarios y miembros del Grupo de Amistad Armenio-Sirio se encontrar\u00e1 en Damasco por tres d\u00edas.<\/p>\n<p>Cabe destacar que el Canciller armenio Edward Nalabadyan hab\u00eda realizado una visita a Damasco hace una semana, donde celebr\u00f3 una rueda de prensa con su hom\u00f3logo Walid al-Moallem en la cual denunci\u00f3 la intervenci\u00f3n\u00a0de Turqu\u00eda en los asuntos internos de los pa\u00edses.<\/p>\n<p>Lynn A.<\/p>\n","protected":false},"excerpt":{"rendered":"<p>Damasco, SANA Una delegaci\u00f3n parlamentaria armenia ha llegado este martes a Damasco para expresar su solidaridad con Siria frente a la ofensiva terrorista librada en su contra. El presidente de la delegaci\u00f3n del Grupo de Amistad Armenio-Sirio Tachat Vartabedian declar\u00f3 desde el paso fronterizo con el L\u00edbano de Yedaidat Yabous que la visita tiene por &hellip;<\/p>\n","protected":false},"author":24,"featured_media":24354,"comment_status":"closed","ping_status":"closed","sticky":false,"template":"","format":"standard","meta":{"footnotes":""},"categories":[477,476],"tags":[5489],"class_list":["post-24353","post","type-post","status-publish","format-standard","has-post-thumbnail","","category-noticias-edulcorantes","category-locales","tag-una-delegacion-parlamentaria-armenia-visita-siria"],"_links":{"self":[{"href":"https:\/\/archive.sana.sy\/es\/index.php?rest_route=\/wp\/v2\/posts\/24353"}],"collection":[{"href":"https:\/\/archive.sana.sy\/es\/index.php?rest_route=\/wp\/v2\/posts"}],"about":[{"href":"https:\/\/archive.sana.sy\/es\/index.php?rest_route=\/wp\/v2\/types\/post"}],"author":[{"embeddable":true,"href":"https:\/\/archive.sana.sy\/es\/index.php?rest_route=\/wp\/v2\/users\/24"}],"replies":[{"embeddable":true,"href":"https:\/\/archive.sana.sy\/es\/index.php?rest_route=%2Fwp%2Fv2%2Fcomments&post=24353"}],"version-history":[{"count":0,"href":"https:\/\/archive.sana.sy\/es\/index.php?rest_route=\/wp\/v2\/posts\/24353\/revisions"}],"wp:featuredmedia":[{"embeddable":true,"href":"https:\/\/archive.sana.sy\/es\/index.php?rest_route=\/wp\/v2\/media\/24354"}],"wp:attachment":[{"href":"https:\/\/archive.sana.sy\/es\/index.php?rest_route=%2Fwp%2Fv2%2Fmedia&parent=24353"}],"wp:term":[{"taxonomy":"category","embeddable":true,"href":"https:\/\/archive.sana.sy\/es\/index.php?rest_route=%2Fwp%2Fv2%2Fcategories&post=24353"},{"taxonomy":"post_tag","embeddable":true,"href":"https:\/\/archive.sana.sy\/es\/index.php?rest_route=%2Fwp%2Fv2%2Ftags&post=24353"}],"curies":[{"name":"wp","href":"https:\/\/api.w.org\/{rel}","templated":true}]}}