{"id":243540,"date":"2022-07-15T19:20:59","date_gmt":"2022-07-15T16:20:59","guid":{"rendered":"http:\/\/107.6.182.27\/es\/?p=243540"},"modified":"2023-01-10T15:23:23","modified_gmt":"2023-01-10T13:23:23","slug":"estiman-en-141-toneladas-en-deraa-la-produccion-de-pistacho-higo-y-nuez","status":"publish","type":"post","link":"https:\/\/archive.sana.sy\/es\/?p=243540","title":{"rendered":"Estiman en 141 toneladas en provincia de Deraa la producci\u00f3n de pistacho, higo y nuez."},"content":{"rendered":"<p style=\"text-align: justify;\"><span style=\"color: #800000;\"><strong>Deraa, 15 jul (SANA)\u00a0<\/strong><\/span> \u00a0La Direcci\u00f3n de Agricultura de Deraa estim\u00f3 la producci\u00f3n total de pistacho, higo y nuez de la provincia para la temporada actual en unas 141 toneladas.<\/p>\n<p style=\"text-align: justify;\">El jefe del Departamento de Producci\u00f3n Vegetal en la Direcci\u00f3n, Wael Al-Ahmad, inform\u00f3 a SANA que el \u00e1rea plantada de pistacho es de 75 hect\u00e1reas, con 13.000 \u00e1rboles, 12.000 de los cuales son frutales que producen unas 11 toneladas anuales.<\/p>\n<p style=\"text-align: justify;\">Indic\u00f3 que la provincia tiene sembradas unas 15.000 higueras en un \u00e1rea de 70 hect\u00e1reas, y que su producci\u00f3n anual se estima en 75 toneladas.<\/p>\n<p style=\"text-align: justify;\">Agreg\u00f3 que el \u00e1rea plantada con nueces es de 21 hect\u00e1reas que producen anualmente 55 toneladas.<\/p>\n<p style=\"text-align: justify;\">sm<\/p>\n<div id='gallery-1' class='gallery galleryid-243540 gallery-columns-1 gallery-size-full'><figure class='gallery-item'>\n\t\t\t<div class='gallery-icon landscape'>\n\t\t\t\t<a href='https:\/\/archive.sana.sy\/es\/?attachment_id=243544'><img loading=\"lazy\" decoding=\"async\" width=\"660\" height=\"412\" src=\"https:\/\/archive.sana.sy\/es\/wp-content\/uploads\/2022\/07\/IMG_8286.jpg\" class=\"attachment-full size-full\" alt=\"\" srcset=\"https:\/\/archive.sana.sy\/es\/wp-content\/uploads\/2022\/07\/IMG_8286.jpg 660w, https:\/\/archive.sana.sy\/es\/wp-content\/uploads\/2022\/07\/IMG_8286-300x187.jpg 300w, https:\/\/archive.sana.sy\/es\/wp-content\/uploads\/2022\/07\/IMG_8286-150x94.jpg 150w\" sizes=\"(max-width: 660px) 100vw, 660px\" \/><\/a>\n\t\t\t<\/div><\/figure>\n\t\t<\/div>\n\n","protected":false},"excerpt":{"rendered":"<p>Deraa, 15 jul (SANA)\u00a0 \u00a0La Direcci\u00f3n de Agricultura de Deraa estim\u00f3 la producci\u00f3n total de pistacho, higo y nuez de la provincia para la temporada actual en unas 141 toneladas. El jefe del Departamento de Producci\u00f3n Vegetal en la Direcci\u00f3n, Wael Al-Ahmad, inform\u00f3 a SANA que el \u00e1rea plantada de pistacho es de 75 hect\u00e1reas, &hellip;<\/p>\n","protected":false},"author":39,"featured_media":243541,"comment_status":"closed","ping_status":"closed","sticky":false,"template":"","format":"standard","meta":{"footnotes":""},"categories":[597,485,16688,476,7541],"tags":[],"class_list":["post-243540","post","type-post","status-publish","format-standard","has-post-thumbnail","","category-cinta-de-noticias","category-informes-negocios-y-finanzas","category-nacionales","category-locales","category-ultimas-noticias"],"_links":{"self":[{"href":"https:\/\/archive.sana.sy\/es\/index.php?rest_route=\/wp\/v2\/posts\/243540"}],"collection":[{"href":"https:\/\/archive.sana.sy\/es\/index.php?rest_route=\/wp\/v2\/posts"}],"about":[{"href":"https:\/\/archive.sana.sy\/es\/index.php?rest_route=\/wp\/v2\/types\/post"}],"author":[{"embeddable":true,"href":"https:\/\/archive.sana.sy\/es\/index.php?rest_route=\/wp\/v2\/users\/39"}],"replies":[{"embeddable":true,"href":"https:\/\/archive.sana.sy\/es\/index.php?rest_route=%2Fwp%2Fv2%2Fcomments&post=243540"}],"version-history":[{"count":0,"href":"https:\/\/archive.sana.sy\/es\/index.php?rest_route=\/wp\/v2\/posts\/243540\/revisions"}],"wp:featuredmedia":[{"embeddable":true,"href":"https:\/\/archive.sana.sy\/es\/index.php?rest_route=\/wp\/v2\/media\/243541"}],"wp:attachment":[{"href":"https:\/\/archive.sana.sy\/es\/index.php?rest_route=%2Fwp%2Fv2%2Fmedia&parent=243540"}],"wp:term":[{"taxonomy":"category","embeddable":true,"href":"https:\/\/archive.sana.sy\/es\/index.php?rest_route=%2Fwp%2Fv2%2Fcategories&post=243540"},{"taxonomy":"post_tag","embeddable":true,"href":"https:\/\/archive.sana.sy\/es\/index.php?rest_route=%2Fwp%2Fv2%2Ftags&post=243540"}],"curies":[{"name":"wp","href":"https:\/\/api.w.org\/{rel}","templated":true}]}}