{"id":243676,"date":"2022-07-16T08:15:48","date_gmt":"2022-07-16T05:15:48","guid":{"rendered":"http:\/\/107.6.182.27\/es\/?p=243676"},"modified":"2023-01-10T15:56:06","modified_gmt":"2023-01-10T13:56:06","slug":"el-ocupante-israeli-bombardea-el-sur-de-franja-de-gaza","status":"publish","type":"post","link":"https:\/\/archive.sana.sy\/es\/?p=243676","title":{"rendered":"El ocupante israel\u00ed bombardea el sur de Franja de Gaza"},"content":{"rendered":"<p style=\"text-align: justify;\"><span style=\"color: #800000;\"><strong>Jerusal\u00e9n ocupada, 16 jul (SANA)\u00a0 \u00a0<\/strong><\/span>Los cazas del ocupante israel\u00ed perpetraron este s\u00e1bado una nueva agresi\u00f3n contra la Franja de Gaza, informaron medios palestinos.<\/p>\n<p style=\"text-align: justify;\">\u201cEl sur de la ciudad de Gaza fue bombardeado con ocho misiles provocando graves da\u00f1os materiales en las propiedades de los palestinos y en la infraestructura\u201d, detallaron.<\/p>\n<p style=\"text-align: justify;\">Adem\u00e1s, los barcos israel\u00edes atacaron las embarcaciones pesqueras palestinas al norte de la Franja.<\/p>\n<p style=\"text-align: justify;\">La aviaci\u00f3n b\u00e9lica israel\u00ed lanza repetidamente ataques contra Gaza, dejando entre muertos o heridos a cientos de palestinos, adem\u00e1s de grandes da\u00f1os en la infraestructura.<\/p>\n<p style=\"text-align: justify;\">rr\/fm<\/p>\n","protected":false},"excerpt":{"rendered":"<p>Jerusal\u00e9n ocupada, 16 jul (SANA)\u00a0 \u00a0Los cazas del ocupante israel\u00ed perpetraron este s\u00e1bado una nueva agresi\u00f3n contra la Franja de Gaza, informaron medios palestinos. \u201cEl sur de la ciudad de Gaza fue bombardeado con ocho misiles provocando graves da\u00f1os materiales en las propiedades de los palestinos y en la infraestructura\u201d, detallaron. Adem\u00e1s, los barcos israel\u00edes &hellip;<\/p>\n","protected":false},"author":31,"featured_media":243678,"comment_status":"closed","ping_status":"closed","sticky":false,"template":"","format":"standard","meta":{"footnotes":""},"categories":[456,7541],"tags":[],"class_list":["post-243676","post","type-post","status-publish","format-standard","has-post-thumbnail","","category-arabe-internacional-politica","category-ultimas-noticias"],"_links":{"self":[{"href":"https:\/\/archive.sana.sy\/es\/index.php?rest_route=\/wp\/v2\/posts\/243676"}],"collection":[{"href":"https:\/\/archive.sana.sy\/es\/index.php?rest_route=\/wp\/v2\/posts"}],"about":[{"href":"https:\/\/archive.sana.sy\/es\/index.php?rest_route=\/wp\/v2\/types\/post"}],"author":[{"embeddable":true,"href":"https:\/\/archive.sana.sy\/es\/index.php?rest_route=\/wp\/v2\/users\/31"}],"replies":[{"embeddable":true,"href":"https:\/\/archive.sana.sy\/es\/index.php?rest_route=%2Fwp%2Fv2%2Fcomments&post=243676"}],"version-history":[{"count":0,"href":"https:\/\/archive.sana.sy\/es\/index.php?rest_route=\/wp\/v2\/posts\/243676\/revisions"}],"wp:featuredmedia":[{"embeddable":true,"href":"https:\/\/archive.sana.sy\/es\/index.php?rest_route=\/wp\/v2\/media\/243678"}],"wp:attachment":[{"href":"https:\/\/archive.sana.sy\/es\/index.php?rest_route=%2Fwp%2Fv2%2Fmedia&parent=243676"}],"wp:term":[{"taxonomy":"category","embeddable":true,"href":"https:\/\/archive.sana.sy\/es\/index.php?rest_route=%2Fwp%2Fv2%2Fcategories&post=243676"},{"taxonomy":"post_tag","embeddable":true,"href":"https:\/\/archive.sana.sy\/es\/index.php?rest_route=%2Fwp%2Fv2%2Ftags&post=243676"}],"curies":[{"name":"wp","href":"https:\/\/api.w.org\/{rel}","templated":true}]}}