{"id":243697,"date":"2022-07-16T10:35:03","date_gmt":"2022-07-16T07:35:03","guid":{"rendered":"http:\/\/107.6.182.27\/es\/?p=243697"},"modified":"2023-01-10T15:56:06","modified_gmt":"2023-01-10T13:56:06","slug":"exembajador-de-estados-unidos-en-moscu-apoya-la-opinion-de-putin-sobre-la-union-historica-entre-rusia-y-ucrania","status":"publish","type":"post","link":"https:\/\/archive.sana.sy\/es\/?p=243697","title":{"rendered":"Exembajador de Estados Unidos en Mosc\u00fa apoya la opini\u00f3n de Putin sobre la uni\u00f3n hist\u00f3rica entre Rusia y Ucrania"},"content":{"rendered":"<blockquote>\n<p style=\"text-align: justify;\"><strong><span style=\"color: #ff0000;\">Consider\u00f3 que Washington y Kiev est\u00e1n tratando de cambiar la verdad e inventar programas educativos que muestren al mundo una &#8220;nueva historia&#8221; de Ucrania que es en inter\u00e9s de Occidente.<\/span><\/strong><\/p>\n<\/blockquote>\n<p style=\"text-align: justify;\"><span style=\"color: #800000;\"><strong>Mosc\u00fa, 16 jul (SANA)<\/strong> \u00a0<\/span>El ex embajador de Estados Unidos en Mosc\u00fa, Michael McFaul, admiti\u00f3 que muchos estadounidenses, incluidos representantes de la comunidad cient\u00edfica, apoyan la visi\u00f3n del presidente ruso, Vladimir Putin, sobre la uni\u00f3n hist\u00f3rica entre Rusia y Ucrania.<\/p>\n<p style=\"text-align: justify;\">&#8220;Hay mucha gente en Estados Unidos que comparte las declaraciones de Putin sobre Ucrania y dice que los rusos y los ucranianos son similares incluso en el lenguaje, y los cient\u00edficos y profesores de Estados Unidos apoyan estas convicciones&#8221;, dijo el exdiplom\u00e1tico al diario ucraniano Okranska Pravda.<\/p>\n<p style=\"text-align: justify;\">McFaul enfatiz\u00f3 que los expertos estadounidenses son conscientes de que la historia de Rusia y Ucrania se remonta a un antiguo estado ruso, y consider\u00f3 que Washington y Kiev est\u00e1n tratando de cambiar la verdad e inventar programas educativos que muestren al mundo una &#8220;nueva historia&#8221; de Ucrania que es en inter\u00e9s de Occidente.<\/p>\n<p style=\"text-align: justify;\">fm\/sm<\/p>\n","protected":false},"excerpt":{"rendered":"<p>Consider\u00f3 que Washington y Kiev est\u00e1n tratando de cambiar la verdad e inventar programas educativos que muestren al mundo una &#8220;nueva historia&#8221; de Ucrania que es en inter\u00e9s de Occidente. Mosc\u00fa, 16 jul (SANA) \u00a0El ex embajador de Estados Unidos en Mosc\u00fa, Michael McFaul, admiti\u00f3 que muchos estadounidenses, incluidos representantes de la comunidad cient\u00edfica, apoyan &hellip;<\/p>\n","protected":false},"author":39,"featured_media":243698,"comment_status":"closed","ping_status":"closed","sticky":false,"template":"","format":"standard","meta":{"footnotes":""},"categories":[597,456,7541],"tags":[],"class_list":["post-243697","post","type-post","status-publish","format-standard","has-post-thumbnail","","category-cinta-de-noticias","category-arabe-internacional-politica","category-ultimas-noticias"],"_links":{"self":[{"href":"https:\/\/archive.sana.sy\/es\/index.php?rest_route=\/wp\/v2\/posts\/243697"}],"collection":[{"href":"https:\/\/archive.sana.sy\/es\/index.php?rest_route=\/wp\/v2\/posts"}],"about":[{"href":"https:\/\/archive.sana.sy\/es\/index.php?rest_route=\/wp\/v2\/types\/post"}],"author":[{"embeddable":true,"href":"https:\/\/archive.sana.sy\/es\/index.php?rest_route=\/wp\/v2\/users\/39"}],"replies":[{"embeddable":true,"href":"https:\/\/archive.sana.sy\/es\/index.php?rest_route=%2Fwp%2Fv2%2Fcomments&post=243697"}],"version-history":[{"count":0,"href":"https:\/\/archive.sana.sy\/es\/index.php?rest_route=\/wp\/v2\/posts\/243697\/revisions"}],"wp:featuredmedia":[{"embeddable":true,"href":"https:\/\/archive.sana.sy\/es\/index.php?rest_route=\/wp\/v2\/media\/243698"}],"wp:attachment":[{"href":"https:\/\/archive.sana.sy\/es\/index.php?rest_route=%2Fwp%2Fv2%2Fmedia&parent=243697"}],"wp:term":[{"taxonomy":"category","embeddable":true,"href":"https:\/\/archive.sana.sy\/es\/index.php?rest_route=%2Fwp%2Fv2%2Fcategories&post=243697"},{"taxonomy":"post_tag","embeddable":true,"href":"https:\/\/archive.sana.sy\/es\/index.php?rest_route=%2Fwp%2Fv2%2Ftags&post=243697"}],"curies":[{"name":"wp","href":"https:\/\/api.w.org\/{rel}","templated":true}]}}