{"id":243738,"date":"2022-07-16T11:01:46","date_gmt":"2022-07-16T08:01:46","guid":{"rendered":"http:\/\/107.6.182.27\/es\/?p=243738"},"modified":"2023-01-10T15:56:06","modified_gmt":"2023-01-10T13:56:06","slug":"la-115a-brigada-de-las-fuerzas-armadas-de-ucrania-quedo-totalmente-destruida-y-confirman-600-bajas-entre-sus-filas","status":"publish","type":"post","link":"https:\/\/archive.sana.sy\/es\/?p=243738","title":{"rendered":"La 115\u00aa brigada de las Fuerzas Armadas de Ucrania qued\u00f3 totalmente destruida y confirman 600 bajas entre sus filas"},"content":{"rendered":"<p style=\"text-align: justify;\"><strong><span style=\"color: #800000;\">Mosc\u00fa, 16 jul (SANA)\u00a0<\/span> <\/strong>El Ministerio de Defensa de Rusia inform\u00f3 hoy que las Fuerzas Armadas contin\u00faan el cumplimiento de sus tareas en el marco de la operaci\u00f3n especial en Ucrania, e inform\u00f3 que las fuerzas ucranianas sufrieron decenas de bajas entre sus filas.<\/p>\n<p style=\"text-align: justify;\">Seg\u00fan el parte diario del organismo, las Fuerzas Aeroespaciales Rusas atacaron con armas de alta precisi\u00f3n la 115\u00aa brigada mecanizada de las Fuerzas Armadas de Ucrania, lo que caus\u00f3 m\u00e1s de 600 bajas entre su personal.<\/p>\n<p style=\"text-align: justify;\">Aclar\u00f3 que tras los ataques, el ej\u00e9rcito ucraniano convoc\u00f3 una movilizaci\u00f3n urgente en Seversk, Nikolaevka y otras localidades cercanas para completar el personal de la brigada.<\/p>\n<p style=\"text-align: justify;\">Asimismo, misiles rusos de alta precisi\u00f3n alcanzaron el punto de despliegue temporal de la 123\u00aa Brigada de Defensa Territorial en la ciudad de Nikolaev, eliminando a 200 ultranacionalistas y mercenarios extranjeros, y la destrucci\u00f3n de 13 unidades de equipos y veh\u00edculos blindados.<\/p>\n<p style=\"text-align: justify;\">De igual manera, 45 ultranacionalistas ucranianos del 204\u00ba batall\u00f3n de la 241\u00aa brigada de defensa territorial abandonaron sus posiciones de combate en la regi\u00f3n de Artemovsk.<\/p>\n<p style=\"text-align: justify;\">sm\/fm<\/p>\n","protected":false},"excerpt":{"rendered":"<p>Mosc\u00fa, 16 jul (SANA)\u00a0 El Ministerio de Defensa de Rusia inform\u00f3 hoy que las Fuerzas Armadas contin\u00faan el cumplimiento de sus tareas en el marco de la operaci\u00f3n especial en Ucrania, e inform\u00f3 que las fuerzas ucranianas sufrieron decenas de bajas entre sus filas. Seg\u00fan el parte diario del organismo, las Fuerzas Aeroespaciales Rusas atacaron &hellip;<\/p>\n","protected":false},"author":39,"featured_media":243739,"comment_status":"closed","ping_status":"closed","sticky":false,"template":"","format":"standard","meta":{"footnotes":""},"categories":[597,456,583],"tags":[],"class_list":["post-243738","post","type-post","status-publish","format-standard","has-post-thumbnail","","category-cinta-de-noticias","category-arabe-internacional-politica","category-slide"],"_links":{"self":[{"href":"https:\/\/archive.sana.sy\/es\/index.php?rest_route=\/wp\/v2\/posts\/243738"}],"collection":[{"href":"https:\/\/archive.sana.sy\/es\/index.php?rest_route=\/wp\/v2\/posts"}],"about":[{"href":"https:\/\/archive.sana.sy\/es\/index.php?rest_route=\/wp\/v2\/types\/post"}],"author":[{"embeddable":true,"href":"https:\/\/archive.sana.sy\/es\/index.php?rest_route=\/wp\/v2\/users\/39"}],"replies":[{"embeddable":true,"href":"https:\/\/archive.sana.sy\/es\/index.php?rest_route=%2Fwp%2Fv2%2Fcomments&post=243738"}],"version-history":[{"count":0,"href":"https:\/\/archive.sana.sy\/es\/index.php?rest_route=\/wp\/v2\/posts\/243738\/revisions"}],"wp:featuredmedia":[{"embeddable":true,"href":"https:\/\/archive.sana.sy\/es\/index.php?rest_route=\/wp\/v2\/media\/243739"}],"wp:attachment":[{"href":"https:\/\/archive.sana.sy\/es\/index.php?rest_route=%2Fwp%2Fv2%2Fmedia&parent=243738"}],"wp:term":[{"taxonomy":"category","embeddable":true,"href":"https:\/\/archive.sana.sy\/es\/index.php?rest_route=%2Fwp%2Fv2%2Fcategories&post=243738"},{"taxonomy":"post_tag","embeddable":true,"href":"https:\/\/archive.sana.sy\/es\/index.php?rest_route=%2Fwp%2Fv2%2Ftags&post=243738"}],"curies":[{"name":"wp","href":"https:\/\/api.w.org\/{rel}","templated":true}]}}