{"id":24374,"date":"2015-06-02T20:50:52","date_gmt":"2015-06-02T17:50:52","guid":{"rendered":"http:\/\/sana.sy\/es\/?p=24374"},"modified":"2015-06-02T20:52:14","modified_gmt":"2015-06-02T17:52:14","slug":"fuerzas-yemenies-lanzan-un-fuerte-ataque-con-misiles-contra-arabia-saudi","status":"publish","type":"post","link":"https:\/\/archive.sana.sy\/es\/?p=24374","title":{"rendered":"Fuerzas yemen\u00edes lanzan un fuerte ataque con misiles contra Arabia Saud\u00ed"},"content":{"rendered":"<p><span style=\"color: #800000\">San\u00e1-SANA<\/span><\/p>\n<p style=\"text-align: justify\">El ej\u00e9rcito yemen\u00ed en cooperaci\u00f3n con y las unidades de la fuerza popular, han liberado durante las \u00faltimas 24 horas fuertes ataques con m\u00e1s de 60 misiles contra las zonas sure\u00f1as de Arabia Saud\u00ed en respuesta a la agresi\u00f3n flagrante de Arabia Saud\u00ed.<\/p>\n<p style=\"text-align: justify\">Seg\u00fan ha informado este martes fuentes locales, los combatientes yemen\u00edes han lanzado 23 misiles contra siete sedes militares en Al-Jubah, en la provincia de Jiz\u00e1n (suroeste de Arabia Saud\u00ed).<\/p>\n<p style=\"text-align: justify\">De igual manera, han disparado unos 40 misiles \u201cGrad\u201d contra la localidad de At Tuwal, tambi\u00e9n en Jizan, ocasionando fuertes incendios provocando la huida de las fuerzas saud\u00edes de sus posiciones en la zona.<\/p>\n<p style=\"text-align: justify\">Los soldados y voluntarios yemen\u00edes tambi\u00e9n han llevado a cabo ataques contra el cuartel castrense de Al-Yuhfa en la localidad de Dhahran, cerca de la frontera con Yemen.<\/p>\n<p style=\"text-align: justify\">Por otra parte, los aviones militar saud\u00edes han bombardeado la localidad de Bani Siyah en la provincia yemen\u00ed de Saada (noroeste) y la sure\u00f1a ciudad de Ad\u00e9n.<\/p>\n<p style=\"text-align: justify\">Seg\u00fan las Naciones Unidas (ONU), la agresi\u00f3n militar contra Yemen, iniciada desde el pasado 26 de marzo, ha obrado la vida de al menos de mil civiles, aunque algunas organizaciones pro derechos humanos elevan esta cifra a m\u00e1s de 4000 v\u00edctimas.<\/p>\n<p>M.Miri<\/p>\n","protected":false},"excerpt":{"rendered":"<p>San\u00e1-SANA El ej\u00e9rcito yemen\u00ed en cooperaci\u00f3n con y las unidades de la fuerza popular, han liberado durante las \u00faltimas 24 horas fuertes ataques con m\u00e1s de 60 misiles contra las zonas sure\u00f1as de Arabia Saud\u00ed en respuesta a la agresi\u00f3n flagrante de Arabia Saud\u00ed. Seg\u00fan ha informado este martes fuentes locales, los combatientes yemen\u00edes han &hellip;<\/p>\n","protected":false},"author":1,"featured_media":20217,"comment_status":"closed","ping_status":"closed","sticky":false,"template":"","format":"standard","meta":{"footnotes":""},"categories":[456,457,576],"tags":[5493],"class_list":["post-24374","post","type-post","status-publish","format-standard","has-post-thumbnail","","category-arabe-internacional-politica","category-noticias-arabe-internacional-politica","category-noticias-politicas","tag-fuerzas-yemenies-lanzan-un-fuerte-ataque-con-misiles-contra-arabia-saudi"],"_links":{"self":[{"href":"https:\/\/archive.sana.sy\/es\/index.php?rest_route=\/wp\/v2\/posts\/24374"}],"collection":[{"href":"https:\/\/archive.sana.sy\/es\/index.php?rest_route=\/wp\/v2\/posts"}],"about":[{"href":"https:\/\/archive.sana.sy\/es\/index.php?rest_route=\/wp\/v2\/types\/post"}],"author":[{"embeddable":true,"href":"https:\/\/archive.sana.sy\/es\/index.php?rest_route=\/wp\/v2\/users\/1"}],"replies":[{"embeddable":true,"href":"https:\/\/archive.sana.sy\/es\/index.php?rest_route=%2Fwp%2Fv2%2Fcomments&post=24374"}],"version-history":[{"count":0,"href":"https:\/\/archive.sana.sy\/es\/index.php?rest_route=\/wp\/v2\/posts\/24374\/revisions"}],"wp:featuredmedia":[{"embeddable":true,"href":"https:\/\/archive.sana.sy\/es\/index.php?rest_route=\/wp\/v2\/media\/20217"}],"wp:attachment":[{"href":"https:\/\/archive.sana.sy\/es\/index.php?rest_route=%2Fwp%2Fv2%2Fmedia&parent=24374"}],"wp:term":[{"taxonomy":"category","embeddable":true,"href":"https:\/\/archive.sana.sy\/es\/index.php?rest_route=%2Fwp%2Fv2%2Fcategories&post=24374"},{"taxonomy":"post_tag","embeddable":true,"href":"https:\/\/archive.sana.sy\/es\/index.php?rest_route=%2Fwp%2Fv2%2Ftags&post=24374"}],"curies":[{"name":"wp","href":"https:\/\/api.w.org\/{rel}","templated":true}]}}