{"id":24376,"date":"2015-06-02T21:39:28","date_gmt":"2015-06-02T18:39:28","guid":{"rendered":"http:\/\/sana.sy\/es\/?p=24376"},"modified":"2015-06-03T16:30:19","modified_gmt":"2015-06-03T13:30:19","slug":"el-mayor-general-ayub-inspecciona-las-unidades-militares-en-los-campos-de-idleb-y-hama","status":"publish","type":"post","link":"https:\/\/archive.sana.sy\/es\/?p=24376","title":{"rendered":"El mayor General Ayub inspecciona las unidades militares en los campos de Idleb y Hama"},"content":{"rendered":"<p><span style=\"color: #800000\">Damasco-SANA<\/span><\/p>\n<p style=\"text-align: justify\">Por orientaci\u00f3n del presidente Bashar Al-Assad, El mayor General Ali Abdallah Ayub, acompa\u00f1ado por oficiales de alto rango del Mando General, realiz\u00f3 una gira en los campos de Idleb y Hama para inspeccionar las unidades castrenses en estas regiones.<\/p>\n<p style=\"text-align: justify\">El mayor general Ayub fue informado sobre las acciones combativas y los avances logrados por las unidades del ej\u00e9rcito all\u00ed.<\/p>\n<p style=\"text-align: justify\">Asimismo elogi\u00f3 el hero\u00edsmo y la alta moral que caracteriza a los hombres del Ej\u00e9rcito y alab\u00f3 las victorias logradas por los soldados sobre las bandas terroristas apoyados por reg\u00edmenes regionales e internacionales.<\/p>\n<p>M.Miri<\/p>\n","protected":false},"excerpt":{"rendered":"<p>Damasco-SANA Por orientaci\u00f3n del presidente Bashar Al-Assad, El mayor General Ali Abdallah Ayub, acompa\u00f1ado por oficiales de alto rango del Mando General, realiz\u00f3 una gira en los campos de Idleb y Hama para inspeccionar las unidades castrenses en estas regiones. El mayor general Ayub fue informado sobre las acciones combativas y los avances logrados por &hellip;<\/p>\n","protected":false},"author":1,"featured_media":24377,"comment_status":"closed","ping_status":"closed","sticky":false,"template":"","format":"standard","meta":{"footnotes":""},"categories":[477,573,476],"tags":[5494],"class_list":["post-24376","post","type-post","status-publish","format-standard","has-post-thumbnail","","category-noticias-edulcorantes","category-la-realidad-de-los-acontecimientos-en-siria","category-locales","tag-el-mayor-general-ayub-inspecciona-las-unidades-militares-en-los-campos-de-idleb-y-hama"],"_links":{"self":[{"href":"https:\/\/archive.sana.sy\/es\/index.php?rest_route=\/wp\/v2\/posts\/24376"}],"collection":[{"href":"https:\/\/archive.sana.sy\/es\/index.php?rest_route=\/wp\/v2\/posts"}],"about":[{"href":"https:\/\/archive.sana.sy\/es\/index.php?rest_route=\/wp\/v2\/types\/post"}],"author":[{"embeddable":true,"href":"https:\/\/archive.sana.sy\/es\/index.php?rest_route=\/wp\/v2\/users\/1"}],"replies":[{"embeddable":true,"href":"https:\/\/archive.sana.sy\/es\/index.php?rest_route=%2Fwp%2Fv2%2Fcomments&post=24376"}],"version-history":[{"count":0,"href":"https:\/\/archive.sana.sy\/es\/index.php?rest_route=\/wp\/v2\/posts\/24376\/revisions"}],"wp:featuredmedia":[{"embeddable":true,"href":"https:\/\/archive.sana.sy\/es\/index.php?rest_route=\/wp\/v2\/media\/24377"}],"wp:attachment":[{"href":"https:\/\/archive.sana.sy\/es\/index.php?rest_route=%2Fwp%2Fv2%2Fmedia&parent=24376"}],"wp:term":[{"taxonomy":"category","embeddable":true,"href":"https:\/\/archive.sana.sy\/es\/index.php?rest_route=%2Fwp%2Fv2%2Fcategories&post=24376"},{"taxonomy":"post_tag","embeddable":true,"href":"https:\/\/archive.sana.sy\/es\/index.php?rest_route=%2Fwp%2Fv2%2Ftags&post=24376"}],"curies":[{"name":"wp","href":"https:\/\/api.w.org\/{rel}","templated":true}]}}