{"id":243774,"date":"2022-07-16T20:31:53","date_gmt":"2022-07-16T17:31:53","guid":{"rendered":"http:\/\/107.6.182.27\/es\/?p=243774"},"modified":"2023-01-10T15:56:05","modified_gmt":"2023-01-10T13:56:05","slug":"comision-europea-vaticina-menor-crecimiento-y-mayor-inflacion","status":"publish","type":"post","link":"https:\/\/archive.sana.sy\/es\/?p=243774","title":{"rendered":"Comisi\u00f3n Europea vaticina &#8220;menor crecimiento y mayor inflaci\u00f3n&#8221;"},"content":{"rendered":"<p style=\"text-align: justify;\"><span style=\"color: #800000;\"><strong>Bruselas, 16 jul (SANA)\u00a0 <\/strong><\/span>La Comisi\u00f3n Europea volvi\u00f3 a revisar negativamente su pron\u00f3stico para los pa\u00edses de la Uni\u00f3n Europea y la zona euro, inform\u00f3 la cadera RT.<\/p>\n<p style=\"text-align: justify;\">Seg\u00fan el medio, la reevaluaci\u00f3n fundamental se refiri\u00f3 a las tasas del crecimiento econ\u00f3mico en el 2023, cuando se espera que disminuya casi un punto porcentual en comparaci\u00f3n con el anterior vaticinio, publicado en primavera.<\/p>\n<p style=\"text-align: justify;\">La esperanza de inflaci\u00f3n tambi\u00e9n aumenta, y la instituci\u00f3n cree que su mayor crecimiento tendr\u00e1 lugar en el tercer trimestre de este a\u00f1o.<\/p>\n<p style=\"text-align: justify;\">La inflaci\u00f3n puede lograr su c\u00e9nit en el tercer trimestre del 2022 (un 8,6% para la zona euro y un 8,8% para la UE).<\/p>\n<p style=\"text-align: justify;\">fm\/sm<\/p>\n","protected":false},"excerpt":{"rendered":"<p>Bruselas, 16 jul (SANA)\u00a0 La Comisi\u00f3n Europea volvi\u00f3 a revisar negativamente su pron\u00f3stico para los pa\u00edses de la Uni\u00f3n Europea y la zona euro, inform\u00f3 la cadera RT. Seg\u00fan el medio, la reevaluaci\u00f3n fundamental se refiri\u00f3 a las tasas del crecimiento econ\u00f3mico en el 2023, cuando se espera que disminuya casi un punto porcentual en &hellip;<\/p>\n","protected":false},"author":39,"featured_media":243775,"comment_status":"closed","ping_status":"closed","sticky":false,"template":"","format":"standard","meta":{"footnotes":""},"categories":[597,16686,485,456],"tags":[],"class_list":["post-243774","post","type-post","status-publish","format-standard","has-post-thumbnail","","category-cinta-de-noticias","category-economia","category-informes-negocios-y-finanzas","category-arabe-internacional-politica"],"_links":{"self":[{"href":"https:\/\/archive.sana.sy\/es\/index.php?rest_route=\/wp\/v2\/posts\/243774"}],"collection":[{"href":"https:\/\/archive.sana.sy\/es\/index.php?rest_route=\/wp\/v2\/posts"}],"about":[{"href":"https:\/\/archive.sana.sy\/es\/index.php?rest_route=\/wp\/v2\/types\/post"}],"author":[{"embeddable":true,"href":"https:\/\/archive.sana.sy\/es\/index.php?rest_route=\/wp\/v2\/users\/39"}],"replies":[{"embeddable":true,"href":"https:\/\/archive.sana.sy\/es\/index.php?rest_route=%2Fwp%2Fv2%2Fcomments&post=243774"}],"version-history":[{"count":0,"href":"https:\/\/archive.sana.sy\/es\/index.php?rest_route=\/wp\/v2\/posts\/243774\/revisions"}],"wp:featuredmedia":[{"embeddable":true,"href":"https:\/\/archive.sana.sy\/es\/index.php?rest_route=\/wp\/v2\/media\/243775"}],"wp:attachment":[{"href":"https:\/\/archive.sana.sy\/es\/index.php?rest_route=%2Fwp%2Fv2%2Fmedia&parent=243774"}],"wp:term":[{"taxonomy":"category","embeddable":true,"href":"https:\/\/archive.sana.sy\/es\/index.php?rest_route=%2Fwp%2Fv2%2Fcategories&post=243774"},{"taxonomy":"post_tag","embeddable":true,"href":"https:\/\/archive.sana.sy\/es\/index.php?rest_route=%2Fwp%2Fv2%2Ftags&post=243774"}],"curies":[{"name":"wp","href":"https:\/\/api.w.org\/{rel}","templated":true}]}}