{"id":24379,"date":"2015-06-02T22:05:15","date_gmt":"2015-06-02T19:05:15","guid":{"rendered":"http:\/\/sana.sy\/es\/?p=24379"},"modified":"2015-06-02T22:05:15","modified_gmt":"2015-06-02T19:05:15","slug":"una-delegacion-cientifica-siria-estudia-mejorar-las-relaciones-cientificas-con-polonia","status":"publish","type":"post","link":"https:\/\/archive.sana.sy\/es\/?p=24379","title":{"rendered":"Una Delegaci\u00f3n cient\u00edfica siria estudia mejorar las relaciones cient\u00edficas con Polonia"},"content":{"rendered":"<p><span style=\"color: #800000\">Varsovia-SANA<\/span><\/p>\n<p style=\"text-align: justify\">La delegaci\u00f3n cient\u00edfica siria que actualmente est\u00e1 de visita a Polonia, discuti\u00f3 el martes durante una reuni\u00f3n con el Rector de la Academia Superior de Agricultura polaco las perspectivas de la cooperaci\u00f3n entre la Academia y las dos universidades sirias de Damasco y de Latakia \u201cTishreen.\u201d<\/p>\n<p style=\"text-align: justify\">Durante el encuentro, el Rector de la Academia expres\u00f3 su disposici\u00f3n a debatir todos los medios disponibles para llevar a cabo una plena cooperaci\u00f3n entre ambas partes, mientras que la delegaci\u00f3n de Siria present\u00f3 a la parte polaca un proyecto de acuerdo de cooperaci\u00f3n. Asimismo, ambas partes acordaron cooperar en el marco de Erasmus +, el programa europeo para la educaci\u00f3n.<\/p>\n<p style=\"text-align: justify\">En el mismo contexto, la delegaci\u00f3n siria se reuni\u00f3 con el director del Departamento de Cooperaci\u00f3n Internacional de la Ciencia de Polonia y el Ministerio de Educaci\u00f3n Superior y discuti\u00f3 la reactivaci\u00f3n de la colaboraci\u00f3n cient\u00edfica entre Siria y Polonia.<\/p>\n<p style=\"text-align: justify\">El Director polaco, se\u00f1al\u00f3 que Polonia ha decidido mejorar las relaciones cient\u00edficas y culturales con los pa\u00edses de la regi\u00f3n, en particular Siria, y agreg\u00f3 que el Ministerio va a discutir con el Ministerio de Asuntos Exteriores polaco la cuesti\u00f3n de cambiar los procedimientos de becas con el fin de otorgar una serie de becas completas para los estudiantes sirios.<\/p>\n<p>M.Miri, Riad.Sh<\/p>\n","protected":false},"excerpt":{"rendered":"<p>Varsovia-SANA La delegaci\u00f3n cient\u00edfica siria que actualmente est\u00e1 de visita a Polonia, discuti\u00f3 el martes durante una reuni\u00f3n con el Rector de la Academia Superior de Agricultura polaco las perspectivas de la cooperaci\u00f3n entre la Academia y las dos universidades sirias de Damasco y de Latakia \u201cTishreen.\u201d Durante el encuentro, el Rector de la Academia &hellip;<\/p>\n","protected":false},"author":1,"featured_media":24380,"comment_status":"closed","ping_status":"closed","sticky":false,"template":"","format":"standard","meta":{"footnotes":""},"categories":[1],"tags":[5495],"class_list":["post-24379","post","type-post","status-publish","format-standard","has-post-thumbnail","","category-news-not-sorted","tag-una-delegacion-cientifica-siria-estudia-mejorar-las-relaciones-cientificas-con-polonia"],"_links":{"self":[{"href":"https:\/\/archive.sana.sy\/es\/index.php?rest_route=\/wp\/v2\/posts\/24379"}],"collection":[{"href":"https:\/\/archive.sana.sy\/es\/index.php?rest_route=\/wp\/v2\/posts"}],"about":[{"href":"https:\/\/archive.sana.sy\/es\/index.php?rest_route=\/wp\/v2\/types\/post"}],"author":[{"embeddable":true,"href":"https:\/\/archive.sana.sy\/es\/index.php?rest_route=\/wp\/v2\/users\/1"}],"replies":[{"embeddable":true,"href":"https:\/\/archive.sana.sy\/es\/index.php?rest_route=%2Fwp%2Fv2%2Fcomments&post=24379"}],"version-history":[{"count":0,"href":"https:\/\/archive.sana.sy\/es\/index.php?rest_route=\/wp\/v2\/posts\/24379\/revisions"}],"wp:featuredmedia":[{"embeddable":true,"href":"https:\/\/archive.sana.sy\/es\/index.php?rest_route=\/wp\/v2\/media\/24380"}],"wp:attachment":[{"href":"https:\/\/archive.sana.sy\/es\/index.php?rest_route=%2Fwp%2Fv2%2Fmedia&parent=24379"}],"wp:term":[{"taxonomy":"category","embeddable":true,"href":"https:\/\/archive.sana.sy\/es\/index.php?rest_route=%2Fwp%2Fv2%2Fcategories&post=24379"},{"taxonomy":"post_tag","embeddable":true,"href":"https:\/\/archive.sana.sy\/es\/index.php?rest_route=%2Fwp%2Fv2%2Ftags&post=24379"}],"curies":[{"name":"wp","href":"https:\/\/api.w.org\/{rel}","templated":true}]}}