{"id":24387,"date":"2015-06-02T22:23:33","date_gmt":"2015-06-02T19:23:33","guid":{"rendered":"http:\/\/sana.sy\/es\/?p=24387"},"modified":"2015-06-02T22:26:22","modified_gmt":"2015-06-02T19:26:22","slug":"erdogan-demanda-al-periodico-cumhuriyet-por-publicar-fotografias-del-suministro-turco-de-armas-a-los-terroristas-en-siria","status":"publish","type":"post","link":"https:\/\/archive.sana.sy\/es\/?p=24387","title":{"rendered":"Erdogan demanda al peri\u00f3dico &#8220;Cumhuriyet&#8221; por publicar fotograf\u00edas del suministro turco de armas a los terroristas en Siria"},"content":{"rendered":"<p><span style=\"color: #800000\">Ankara-SANA<\/span><\/p>\n<p style=\"text-align: justify\">El presidente turco, Recep Tayyip Erdogan demand\u00f3 personalmente al diario turco &#8220;Cumhuriyet&#8221; y a su editor Jana D\u00fcndar a causa de la publicaci\u00f3n de fotograf\u00edas editoriales que dan testimonio de su participaci\u00f3n en el contrabando de armas a las bandas terroristas en Siria.<\/p>\n<p style=\"text-align: justify\">Seg\u00fan inform\u00f3 la agencia francesa AFP, Erdogan, y el primer ministro turco Ahmet Davutoglu, amenazaron con perseguir a cualquier persona y\/o cualquier peri\u00f3dico, que se ocupar\u00e1 de la exposici\u00f3n de las acciones secretas del gobierno turco contra Siria, incluido el suministro de armas a los terroristas.<\/p>\n<p style=\"text-align: justify\">Cabe se\u00f1alar que el peri\u00f3dico public\u00f3 un video grabado el 19 de enero de 2014 en la provincia turca meridional de Adana durante una inspecci\u00f3n de unos camiones en su camino a Siria. En general, de acuerdo con &#8220;Cumhuriyet&#8221;, los camiones transportan 1000 de proyectiles, 1000 morteros, 50.000 municiones de ametralladora y 30.000 municiones para armas de diferentes calibres, dicho video ha asestado un duro golpe a la imagen de Erdogan y su gobierno.<\/p>\n<p style=\"text-align: justify\">La organizaci\u00f3n de Reporteros sin Fronteras reclam\u00f3 a Erdogan, de suspender la persecuci\u00f3n de periodistas que tratan de su postura anti-siria y de su apoyo a los extremistas en Siria.<\/p>\n<p>M.Miri, Riad.Sh<\/p>\n","protected":false},"excerpt":{"rendered":"<p>Ankara-SANA El presidente turco, Recep Tayyip Erdogan demand\u00f3 personalmente al diario turco &#8220;Cumhuriyet&#8221; y a su editor Jana D\u00fcndar a causa de la publicaci\u00f3n de fotograf\u00edas editoriales que dan testimonio de su participaci\u00f3n en el contrabando de armas a las bandas terroristas en Siria. Seg\u00fan inform\u00f3 la agencia francesa AFP, Erdogan, y el primer ministro &hellip;<\/p>\n","protected":false},"author":1,"featured_media":24388,"comment_status":"closed","ping_status":"closed","sticky":false,"template":"","format":"standard","meta":{"footnotes":""},"categories":[555],"tags":[5497],"class_list":["post-24387","post","type-post","status-publish","format-standard","has-post-thumbnail","","category-prensa","tag-erdogan-demanda-al-periodico-cumhuriyet-por-publicar-fotografias-del-suministro-turco-de-armas-a-los-terroristas-en-siria"],"_links":{"self":[{"href":"https:\/\/archive.sana.sy\/es\/index.php?rest_route=\/wp\/v2\/posts\/24387"}],"collection":[{"href":"https:\/\/archive.sana.sy\/es\/index.php?rest_route=\/wp\/v2\/posts"}],"about":[{"href":"https:\/\/archive.sana.sy\/es\/index.php?rest_route=\/wp\/v2\/types\/post"}],"author":[{"embeddable":true,"href":"https:\/\/archive.sana.sy\/es\/index.php?rest_route=\/wp\/v2\/users\/1"}],"replies":[{"embeddable":true,"href":"https:\/\/archive.sana.sy\/es\/index.php?rest_route=%2Fwp%2Fv2%2Fcomments&post=24387"}],"version-history":[{"count":0,"href":"https:\/\/archive.sana.sy\/es\/index.php?rest_route=\/wp\/v2\/posts\/24387\/revisions"}],"wp:featuredmedia":[{"embeddable":true,"href":"https:\/\/archive.sana.sy\/es\/index.php?rest_route=\/wp\/v2\/media\/24388"}],"wp:attachment":[{"href":"https:\/\/archive.sana.sy\/es\/index.php?rest_route=%2Fwp%2Fv2%2Fmedia&parent=24387"}],"wp:term":[{"taxonomy":"category","embeddable":true,"href":"https:\/\/archive.sana.sy\/es\/index.php?rest_route=%2Fwp%2Fv2%2Fcategories&post=24387"},{"taxonomy":"post_tag","embeddable":true,"href":"https:\/\/archive.sana.sy\/es\/index.php?rest_route=%2Fwp%2Fv2%2Ftags&post=24387"}],"curies":[{"name":"wp","href":"https:\/\/api.w.org\/{rel}","templated":true}]}}