{"id":243915,"date":"2022-07-17T21:00:21","date_gmt":"2022-07-17T18:00:21","guid":{"rendered":"http:\/\/107.6.182.27\/es\/?p=243915"},"modified":"2022-07-17T21:54:30","modified_gmt":"2022-07-17T18:54:30","slug":"una-medalla-de-bronce-y-4-reconocimientos-para-siria-en-las-olimpiadas-mundiales-de-fisica","status":"publish","type":"post","link":"https:\/\/archive.sana.sy\/es\/?p=243915","title":{"rendered":"Una medalla de bronce y 4 reconocimientos para Siria en las Olimpiadas Mundiales de F\u00edsica"},"content":{"rendered":"<p style=\"text-align: justify;\"><span style=\"color: #800000;\"><strong>Damasco, 17 jul (SANA)\u00a0 \u00a0<\/strong><\/span>El equipo sirio de la Olimpiada Cient\u00edfica gan\u00f3 una presea de bronce y 4 certificados de reconocimiento en la Olimpiada Mundial de F\u00edsica organizada por Suiza a distancia.<\/p>\n<p style=\"text-align: justify;\">La Autoridad de Excelencia y Creatividad indic\u00f3 este domingo que la medalla de bronce fue lograda por el estudiante de secundaria, Amar Wael, de Latakia.<\/p>\n<p style=\"text-align: justify;\">Es de se\u00f1alar que las competencias de la Olimpiada Mundial de F\u00edsica cuentan con la participaci\u00f3n de 375 alumnos y alumnas de 75 pa\u00edses.<\/p>\n<p style=\"text-align: justify;\">rr\/fm<\/p>\n<p>&nbsp;<\/p>\n<div id='gallery-1' class='gallery galleryid-243915 gallery-columns-2 gallery-size-medium'><figure class='gallery-item'>\n\t\t\t<div class='gallery-icon portrait'>\n\t\t\t\t<a href='https:\/\/archive.sana.sy\/es\/wp-content\/uploads\/2022\/07\/978-6.png'><img loading=\"lazy\" decoding=\"async\" width=\"279\" height=\"300\" src=\"https:\/\/archive.sana.sy\/es\/wp-content\/uploads\/2022\/07\/978-6-279x300.png\" class=\"attachment-medium size-medium\" alt=\"\" srcset=\"https:\/\/archive.sana.sy\/es\/wp-content\/uploads\/2022\/07\/978-6-279x300.png 279w, https:\/\/archive.sana.sy\/es\/wp-content\/uploads\/2022\/07\/978-6-139x150.png 139w, https:\/\/archive.sana.sy\/es\/wp-content\/uploads\/2022\/07\/978-6.png 660w\" sizes=\"(max-width: 279px) 100vw, 279px\" \/><\/a>\n\t\t\t<\/div><\/figure><figure class='gallery-item'>\n\t\t\t<div class='gallery-icon portrait'>\n\t\t\t\t<a href='https:\/\/archive.sana.sy\/es\/wp-content\/uploads\/2022\/07\/979-6.png'><img loading=\"lazy\" decoding=\"async\" width=\"280\" height=\"300\" src=\"https:\/\/archive.sana.sy\/es\/wp-content\/uploads\/2022\/07\/979-6-280x300.png\" class=\"attachment-medium size-medium\" alt=\"\" srcset=\"https:\/\/archive.sana.sy\/es\/wp-content\/uploads\/2022\/07\/979-6-280x300.png 280w, https:\/\/archive.sana.sy\/es\/wp-content\/uploads\/2022\/07\/979-6-140x150.png 140w, https:\/\/archive.sana.sy\/es\/wp-content\/uploads\/2022\/07\/979-6.png 660w\" sizes=\"(max-width: 280px) 100vw, 280px\" \/><\/a>\n\t\t\t<\/div><\/figure>\n\t\t<\/div>\n\n","protected":false},"excerpt":{"rendered":"<p>Damasco, 17 jul (SANA)\u00a0 \u00a0El equipo sirio de la Olimpiada Cient\u00edfica gan\u00f3 una presea de bronce y 4 certificados de reconocimiento en la Olimpiada Mundial de F\u00edsica organizada por Suiza a distancia. La Autoridad de Excelencia y Creatividad indic\u00f3 este domingo que la medalla de bronce fue lograda por el estudiante de secundaria, Amar Wael, &hellip;<\/p>\n","protected":false},"author":31,"featured_media":243916,"comment_status":"closed","ping_status":"closed","sticky":false,"template":"","format":"standard","meta":{"footnotes":""},"categories":[597,476,7541],"tags":[],"class_list":["post-243915","post","type-post","status-publish","format-standard","has-post-thumbnail","","category-cinta-de-noticias","category-locales","category-ultimas-noticias"],"_links":{"self":[{"href":"https:\/\/archive.sana.sy\/es\/index.php?rest_route=\/wp\/v2\/posts\/243915"}],"collection":[{"href":"https:\/\/archive.sana.sy\/es\/index.php?rest_route=\/wp\/v2\/posts"}],"about":[{"href":"https:\/\/archive.sana.sy\/es\/index.php?rest_route=\/wp\/v2\/types\/post"}],"author":[{"embeddable":true,"href":"https:\/\/archive.sana.sy\/es\/index.php?rest_route=\/wp\/v2\/users\/31"}],"replies":[{"embeddable":true,"href":"https:\/\/archive.sana.sy\/es\/index.php?rest_route=%2Fwp%2Fv2%2Fcomments&post=243915"}],"version-history":[{"count":0,"href":"https:\/\/archive.sana.sy\/es\/index.php?rest_route=\/wp\/v2\/posts\/243915\/revisions"}],"wp:featuredmedia":[{"embeddable":true,"href":"https:\/\/archive.sana.sy\/es\/index.php?rest_route=\/wp\/v2\/media\/243916"}],"wp:attachment":[{"href":"https:\/\/archive.sana.sy\/es\/index.php?rest_route=%2Fwp%2Fv2%2Fmedia&parent=243915"}],"wp:term":[{"taxonomy":"category","embeddable":true,"href":"https:\/\/archive.sana.sy\/es\/index.php?rest_route=%2Fwp%2Fv2%2Fcategories&post=243915"},{"taxonomy":"post_tag","embeddable":true,"href":"https:\/\/archive.sana.sy\/es\/index.php?rest_route=%2Fwp%2Fv2%2Ftags&post=243915"}],"curies":[{"name":"wp","href":"https:\/\/api.w.org\/{rel}","templated":true}]}}