{"id":24405,"date":"2015-06-03T22:58:04","date_gmt":"2015-06-03T19:58:04","guid":{"rendered":"http:\/\/sana.sy\/es\/?p=24405"},"modified":"2015-06-04T17:18:19","modified_gmt":"2015-06-04T14:18:19","slug":"fuerzas-armadas-lanzan-intensivos-ataques-contra-las-sedes-de-las-organizaciones-terroristas","status":"publish","type":"post","link":"https:\/\/archive.sana.sy\/es\/?p=24405","title":{"rendered":"Fuerzas Armadas lanzan intensivos ataques contra las sedes de las organizaciones terroristas"},"content":{"rendered":"<p style=\"text-align: justify\"><span style=\"color: #800000\">Provincias, SANA<\/span><\/p>\n<p style=\"text-align: justify\">Destacamentos del Ej\u00e9rcito y las Fuerzas Armadas lanzaron duros ataques a\u00e9reos y con artiller\u00eda contra los escondites de las organizaciones terroristas en diferentes zonas de Siria.<\/p>\n<p style=\"text-align: justify\"><span style=\"color: #0000ff\">Alepo<\/span><\/p>\n<p style=\"text-align: justify\">En Alepo, la fuerza a\u00e9rea bombarde\u00f3 a sedes de las bandas terroristas, en particular el Estado Isl\u00e1mico y el Frente al-Nousra, en diferentes zonas del campo este y norte de esta provincia norte\u00f1a.<\/p>\n<p style=\"text-align: justify\">En las inmediaciones de la Academia \u00c1rea, el ej\u00e9rcito bombarde\u00f3 a concentraciones y veh\u00edculos de la organizaci\u00f3n terrorista del Estado Isl\u00e1mico.<\/p>\n<p style=\"text-align: justify\">Las Fuerzas Armadas destruyeron tambi\u00e9n a varios blancos de las bandas terroristas, incluyendo plataformas para lanzar cohetes y morteros, en los barrios de la ciudad de Alepo, donde se atrincheran los armados.<\/p>\n<p style=\"text-align: justify\"><span style=\"color: #0000ff\">Homs<\/span><\/p>\n<p style=\"text-align: justify\">En el centro del pa\u00eds, los aviones de combate sirios asestaron duros golpes a\u00e9reos a los terroristas del EI en la periferia de la ciudad de Palmira, al-Sekhne, al-Sawana y Khnefis en el campo este de Homs.<\/p>\n<p style=\"text-align: justify\">Al norte de Homs, la Fuerza A\u00e9rea realiz\u00f3 redadas contra refugios del Frente de al-Nousra y los llamados \u201cFailak Homs\u201d y \u201clas Brigadas de Faruk\u201d en Talbise (a 13 km del a ciudad de Homs), causando la muerte de numerosos elementos de estas organizaciones terroristas.<\/p>\n<p style=\"text-align: justify\">Asimismo, una fuente oficial inform\u00f3 que las Fuerzas Armadas arrasaron con concentraciones de terroristas del frente al-Nusra, en las \u00a0localidades de al-Msherfah al-Shamaliyah, Salam y Talbisah, en el rural de la provincia de Homs.<\/p>\n<p style=\"text-align: justify\"><span style=\"color: #0000ff\">Damasco-campo<\/span><\/p>\n<p style=\"text-align: justify\">En el campo de Damasco, las FFAA llevaron a cabo una serie de operativos en Ghouta Oriental, donde dejaron muertos o heridos a decenas de terroristas.<\/p>\n<p style=\"text-align: justify\">Los operativos alcanzaron las granjas de Bala, Deir Salman, Tal Kerdi y al-Rihan.<\/p>\n<p style=\"text-align: justify\">En este sentido, las organizaciones terroristas admitieron que 11 de sus elementos fueron aniquilados a manos del ej\u00e9rcito en Ghouta Oriental, la mayor\u00eda de los cuales pertenecen al Frente de al-Nousra y el Ej\u00e9rcito del Isl\u00e1m.<\/p>\n<p style=\"text-align: justify\"><span style=\"color: #0000ff\">Deraa<\/span><\/p>\n<p style=\"text-align: justify\">En el sur del pa\u00eds, unidades militares eliminaron a integrantes de las organizaciones terroristas asociadas al ocupante israel\u00ed y financiadas por los reg\u00edmenes del Golfo.<\/p>\n<p style=\"text-align: justify\">Una fuente militar inform\u00f3 que numerosos terroristas del Frente al-Nousra y de otras organizaciones extremistas fueron eliminados a manos del ej\u00e9rcito en el campo este de Deraa.<\/p>\n<p style=\"text-align: justify\">Por su parte, las organizaciones terroristas reconocieron en sus p\u00e1ginas en los sitios de las redes sociales, que sufrieron bajas en hombres y armas, en diferentes zonas de Deraa.<\/p>\n<p style=\"text-align: justify\"><span style=\"color: #0000ff\">Hassakeh<\/span><\/p>\n<p style=\"text-align: justify\">En el noreste del pa\u00eds, unidades del ej\u00e9rcito apoyadas por los grupos de Defensa Popular chocaron con terroristas del Estado Isl\u00e1mico en la periferia del Instituto de los menores delicuentes, la planta principal de generaci\u00f3n el\u00e9ctrica, y el pueblo de Sakher en el campo sure\u00f1o de Hassakeh, logrando infligir colosales bajas en las filas de dicha organizaci\u00f3n.<\/p>\n<p style=\"text-align: justify\">La fuente a\u00f1adi\u00f3 que los terroristas del EI explosionaron cinco veh\u00edculos bomba en la periferia del Instituto de menores delicuentes\u00a0que es una edificaci\u00f3n bajo construcci\u00f3n a 10 km de la ciudad de Hassakeh.<\/p>\n<p style=\"text-align: justify\">Asimismo a\u00f1adi\u00f3 que un suicida del EI se inmol\u00f3 en un veh\u00edculo bomba cerca de la planta el\u00e9ctrica principal al sur de la ciudad de Hassakeh, caus\u00e1ndole da\u00f1os en la misma lo que la dej\u00f3 fuera del funcionamiento.<\/p>\n<p style=\"text-align: justify\">A todo ello, la Fuerza A\u00e9rea realiz\u00f3 una serie de redadas contra posiciones del EI en el campo sure\u00f1o de Hassakeh.<\/p>\n<p style=\"text-align: justify\">Una fuente militar revel\u00f3 que los cazas sirios asestaron duros golpes a terroristas del EI en los pueblos de al-Daudiye, al-Maybal al-Zafti, Qaber Shamiye, Nehab Sharki y Gharbi, la granja de Abou Said, la periferia de Instituto de los menores delicuentes, Ward Shakra situados al sur de la ciudad de Hassakeh.<\/p>\n<p style=\"text-align: justify\">Estas redadas dejaron muertos a numerosos terroristas del EI, a\u00f1adi\u00f3.<\/p>\n<p style=\"text-align: justify\">Asimismo, la Fuerza A\u00e9rea bombarde\u00f3 concentraciones del EI en Kamp al-Bulgar y Kamp al-Sini en los extremos de la ciudad de al-Shadadi al sur de la ciudad de Hassakeh, caus\u00e1ndoles numerosos muertos.<\/p>\n<p style=\"text-align: justify\">Idleb<\/p>\n<p style=\"text-align: justify\">La aviaci\u00f3n militar del ej\u00e9rcito \u00e1rabe sirio, destruye cinco veh\u00edculos de los terroristas en una serie de ataques realizados en las zonas de Yiser al-Shugour, al-Kfer, Urum, Besames, Sarmin y Eyn al-Barde en el rural de la provincia.<\/p>\n<p>&nbsp;<\/p>\n<p>&nbsp;<\/p>\n<p>Fady M., Lynn A., M.Miri<\/p>\n","protected":false},"excerpt":{"rendered":"<p>Provincias, SANA Destacamentos del Ej\u00e9rcito y las Fuerzas Armadas lanzaron duros ataques a\u00e9reos y con artiller\u00eda contra los escondites de las organizaciones terroristas en diferentes zonas de Siria. Alepo En Alepo, la fuerza a\u00e9rea bombarde\u00f3 a sedes de las bandas terroristas, en particular el Estado Isl\u00e1mico y el Frente al-Nousra, en diferentes zonas del campo &hellip;<\/p>\n","protected":false},"author":24,"featured_media":23495,"comment_status":"closed","ping_status":"closed","sticky":false,"template":"","format":"standard","meta":{"footnotes":""},"categories":[573],"tags":[5502],"class_list":["post-24405","post","type-post","status-publish","format-standard","has-post-thumbnail","","category-la-realidad-de-los-acontecimientos-en-siria","tag-fuerzas-armadas-lanzan-intensivos-ataques-contra-las-sedes-de-las-organizaciones-terroristas"],"_links":{"self":[{"href":"https:\/\/archive.sana.sy\/es\/index.php?rest_route=\/wp\/v2\/posts\/24405"}],"collection":[{"href":"https:\/\/archive.sana.sy\/es\/index.php?rest_route=\/wp\/v2\/posts"}],"about":[{"href":"https:\/\/archive.sana.sy\/es\/index.php?rest_route=\/wp\/v2\/types\/post"}],"author":[{"embeddable":true,"href":"https:\/\/archive.sana.sy\/es\/index.php?rest_route=\/wp\/v2\/users\/24"}],"replies":[{"embeddable":true,"href":"https:\/\/archive.sana.sy\/es\/index.php?rest_route=%2Fwp%2Fv2%2Fcomments&post=24405"}],"version-history":[{"count":0,"href":"https:\/\/archive.sana.sy\/es\/index.php?rest_route=\/wp\/v2\/posts\/24405\/revisions"}],"wp:featuredmedia":[{"embeddable":true,"href":"https:\/\/archive.sana.sy\/es\/index.php?rest_route=\/wp\/v2\/media\/23495"}],"wp:attachment":[{"href":"https:\/\/archive.sana.sy\/es\/index.php?rest_route=%2Fwp%2Fv2%2Fmedia&parent=24405"}],"wp:term":[{"taxonomy":"category","embeddable":true,"href":"https:\/\/archive.sana.sy\/es\/index.php?rest_route=%2Fwp%2Fv2%2Fcategories&post=24405"},{"taxonomy":"post_tag","embeddable":true,"href":"https:\/\/archive.sana.sy\/es\/index.php?rest_route=%2Fwp%2Fv2%2Ftags&post=24405"}],"curies":[{"name":"wp","href":"https:\/\/api.w.org\/{rel}","templated":true}]}}