{"id":24407,"date":"2015-06-03T14:36:59","date_gmt":"2015-06-03T11:36:59","guid":{"rendered":"http:\/\/sana.sy\/es\/?p=24407"},"modified":"2015-06-03T14:36:59","modified_gmt":"2015-06-03T11:36:59","slug":"kirguistan-impide-a-tres-de-sus-ciudadanos-de-viajar-para-incorporarse-a-los-terroristas-en-siria","status":"publish","type":"post","link":"https:\/\/archive.sana.sy\/es\/?p=24407","title":{"rendered":"Kirguist\u00e1n impide a tres de sus ciudadanos de viajar para incorporarse a los terroristas en Siria"},"content":{"rendered":"<p><span style=\"color: #800000\">Mosc\u00fa, SANA<\/span><\/p>\n<p>Los servicios de seguridad en Kirguist\u00e1n impidieron a tres ciudadanos de la regi\u00f3n de Illesc Cole en el norte de Kirguist\u00e1n, de viajar a Siria para incorporarse a las organizaciones terroristas.<\/p>\n<p>Fuentes de Kirguist\u00e1n indicaron que se descubri\u00f3 la intenci\u00f3n de los tres j\u00f3venes de viajar a Siria a trav\u00e9s de las medidas cautelares que se est\u00e1n implementando para impedir la actividad religiosa extremista y de las organizaciones terroristas.<\/p>\n<p>Los datos indican que alrededor de 352 ciudadanos de Kirguist\u00e1n se encuentran en Siria combatiendo en las filas de las organizaciones terroristas.<br \/>\nFady M., Lynn A.<\/p>\n","protected":false},"excerpt":{"rendered":"<p>Mosc\u00fa, SANA Los servicios de seguridad en Kirguist\u00e1n impidieron a tres ciudadanos de la regi\u00f3n de Illesc Cole en el norte de Kirguist\u00e1n, de viajar a Siria para incorporarse a las organizaciones terroristas. Fuentes de Kirguist\u00e1n indicaron que se descubri\u00f3 la intenci\u00f3n de los tres j\u00f3venes de viajar a Siria a trav\u00e9s de las medidas &hellip;<\/p>\n","protected":false},"author":24,"featured_media":24408,"comment_status":"closed","ping_status":"closed","sticky":false,"template":"","format":"standard","meta":{"footnotes":""},"categories":[456,457,576],"tags":[5503],"class_list":["post-24407","post","type-post","status-publish","format-standard","has-post-thumbnail","","category-arabe-internacional-politica","category-noticias-arabe-internacional-politica","category-noticias-politicas","tag-kirguistan-impide-a-tres-de-sus-ciudadanos-de-viajar-para-incorporarse-a-los-terroristas-en-siria"],"_links":{"self":[{"href":"https:\/\/archive.sana.sy\/es\/index.php?rest_route=\/wp\/v2\/posts\/24407"}],"collection":[{"href":"https:\/\/archive.sana.sy\/es\/index.php?rest_route=\/wp\/v2\/posts"}],"about":[{"href":"https:\/\/archive.sana.sy\/es\/index.php?rest_route=\/wp\/v2\/types\/post"}],"author":[{"embeddable":true,"href":"https:\/\/archive.sana.sy\/es\/index.php?rest_route=\/wp\/v2\/users\/24"}],"replies":[{"embeddable":true,"href":"https:\/\/archive.sana.sy\/es\/index.php?rest_route=%2Fwp%2Fv2%2Fcomments&post=24407"}],"version-history":[{"count":0,"href":"https:\/\/archive.sana.sy\/es\/index.php?rest_route=\/wp\/v2\/posts\/24407\/revisions"}],"wp:featuredmedia":[{"embeddable":true,"href":"https:\/\/archive.sana.sy\/es\/index.php?rest_route=\/wp\/v2\/media\/24408"}],"wp:attachment":[{"href":"https:\/\/archive.sana.sy\/es\/index.php?rest_route=%2Fwp%2Fv2%2Fmedia&parent=24407"}],"wp:term":[{"taxonomy":"category","embeddable":true,"href":"https:\/\/archive.sana.sy\/es\/index.php?rest_route=%2Fwp%2Fv2%2Fcategories&post=24407"},{"taxonomy":"post_tag","embeddable":true,"href":"https:\/\/archive.sana.sy\/es\/index.php?rest_route=%2Fwp%2Fv2%2Ftags&post=24407"}],"curies":[{"name":"wp","href":"https:\/\/api.w.org\/{rel}","templated":true}]}}