{"id":24420,"date":"2015-06-03T14:46:04","date_gmt":"2015-06-03T11:46:04","guid":{"rendered":"http:\/\/sana.sy\/es\/?p=24420"},"modified":"2015-06-03T14:46:04","modified_gmt":"2015-06-03T11:46:04","slug":"elas-fuerzas-sauditas-se-retiran-20-km-de-la-frontera-con-yemen-y-el-cs-llama-a-una-nueva-tregua","status":"publish","type":"post","link":"https:\/\/archive.sana.sy\/es\/?p=24420","title":{"rendered":"ELas fuerzas sauditas se retiran 20 km de la frontera con Yemen y el CS llama a una nueva tregua"},"content":{"rendered":"<p><span style=\"color: #800000\">San\u00e1- ONU, SANA<\/span><\/p>\n<p>Fuentes yemen\u00edes en el frente norte confirmaron que las fuerzas del &#8220;enemigo saudita&#8221; se retiraron a m\u00e1s de 20 kil\u00f3metros de la frontera con Yemen.<\/p>\n<p>Las mismas fuentes mencionaron que &#8220;el ej\u00e9rcito yemen\u00ed y los comit\u00e9s populares del movimiento Ansar Allah avanzaron 10 kil\u00f3metros despu\u00e9s de la cerca fronteriza al este de la ciudad de al-Tawal, donde liberan feroces combates con el ej\u00e9rcito saudita&#8221;.<\/p>\n<p>Asimismo, se\u00f1alaron que los soldados yemenitas capturaron armamento ligero y mediano de un sitio militar saudita que hab\u00eda atacado en los \u00faltimos d\u00edas.<\/p>\n<p>Por otro lado, 19 personas murieron y decenas resultaron heridas en una nueva jornada del bombardeo indiscriminado de los aviones del r\u00e9gimen saudita contra diferentes poblados y ciudades yemen\u00edes.<\/p>\n<p><span style=\"color: #0000ff\">Consejo de Seguridad exige una nueva tregua humanitaria en Yemen<\/span><\/p>\n<p>El Consejo de Seguridad de Naciones Unidas manifest\u00f3 su apoyo al llamamiento del Secretario General de las Naciones Unidas, Ban Ki-moon, para establecer una nueva tregua humanitaria en Yemen e inst\u00f3 a &#8220;las partes en conflicto&#8221; en este pa\u00eds a iniciar negociaciones de paz tan pronto como sea posible.<\/p>\n<p>Por su parte, el portavoz de la ONU, Stephane Dujarric, dijo que &#8220;las negociaciones en Viena deben celebrarse sin condiciones previas&#8221;, se\u00f1alando que la nueva fecha l\u00edmite para estas negociaciones se determinar\u00e1 pronto, destacando que esta fecha podr\u00eda ser el 10 de junio.<br \/>\nFady M., Lynn A.<\/p>\n","protected":false},"excerpt":{"rendered":"<p>San\u00e1- ONU, SANA Fuentes yemen\u00edes en el frente norte confirmaron que las fuerzas del &#8220;enemigo saudita&#8221; se retiraron a m\u00e1s de 20 kil\u00f3metros de la frontera con Yemen. Las mismas fuentes mencionaron que &#8220;el ej\u00e9rcito yemen\u00ed y los comit\u00e9s populares del movimiento Ansar Allah avanzaron 10 kil\u00f3metros despu\u00e9s de la cerca fronteriza al este de &hellip;<\/p>\n","protected":false},"author":24,"featured_media":24421,"comment_status":"closed","ping_status":"closed","sticky":false,"template":"","format":"standard","meta":{"footnotes":""},"categories":[456,457,576],"tags":[5506],"class_list":["post-24420","post","type-post","status-publish","format-standard","has-post-thumbnail","","category-arabe-internacional-politica","category-noticias-arabe-internacional-politica","category-noticias-politicas","tag-elas-fuerzas-sauditas-se-retiran-20-km-de-la-frontera-con-yemen-y-el-cs-llama-a-una-nueva-tregua"],"_links":{"self":[{"href":"https:\/\/archive.sana.sy\/es\/index.php?rest_route=\/wp\/v2\/posts\/24420"}],"collection":[{"href":"https:\/\/archive.sana.sy\/es\/index.php?rest_route=\/wp\/v2\/posts"}],"about":[{"href":"https:\/\/archive.sana.sy\/es\/index.php?rest_route=\/wp\/v2\/types\/post"}],"author":[{"embeddable":true,"href":"https:\/\/archive.sana.sy\/es\/index.php?rest_route=\/wp\/v2\/users\/24"}],"replies":[{"embeddable":true,"href":"https:\/\/archive.sana.sy\/es\/index.php?rest_route=%2Fwp%2Fv2%2Fcomments&post=24420"}],"version-history":[{"count":0,"href":"https:\/\/archive.sana.sy\/es\/index.php?rest_route=\/wp\/v2\/posts\/24420\/revisions"}],"wp:featuredmedia":[{"embeddable":true,"href":"https:\/\/archive.sana.sy\/es\/index.php?rest_route=\/wp\/v2\/media\/24421"}],"wp:attachment":[{"href":"https:\/\/archive.sana.sy\/es\/index.php?rest_route=%2Fwp%2Fv2%2Fmedia&parent=24420"}],"wp:term":[{"taxonomy":"category","embeddable":true,"href":"https:\/\/archive.sana.sy\/es\/index.php?rest_route=%2Fwp%2Fv2%2Fcategories&post=24420"},{"taxonomy":"post_tag","embeddable":true,"href":"https:\/\/archive.sana.sy\/es\/index.php?rest_route=%2Fwp%2Fv2%2Ftags&post=24420"}],"curies":[{"name":"wp","href":"https:\/\/api.w.org\/{rel}","templated":true}]}}