{"id":244256,"date":"2022-07-19T21:41:52","date_gmt":"2022-07-19T18:41:52","guid":{"rendered":"http:\/\/107.6.182.27\/es\/?p=244256"},"modified":"2022-07-19T21:41:52","modified_gmt":"2022-07-19T18:41:52","slug":"canciller-de-siria-inicia-visita-oficial-a-iran-para-tratar-relaciones-bilaterales","status":"publish","type":"post","link":"https:\/\/archive.sana.sy\/es\/?p=244256","title":{"rendered":"Canciller de Siria inicia visita oficial a Ir\u00e1n para tratar relaciones bilaterales"},"content":{"rendered":"<p style=\"text-align: justify;\"><span style=\"color: #800000;\"><strong>Teher\u00e1n, 19 jul (SANA)\u00a0<\/strong> <\/span>\u00a0El ministro de Asuntos Exteriores y Expatriados de Siria, Faisal al-Mekdad, lleg\u00f3 hoy a la capital iran\u00ed, Teher\u00e1n, para repasar las relaciones bilaterales y los \u00faltimos acontecimientos en el \u00e1mbito regional e internacional.<\/p>\n<p style=\"text-align: justify;\">Durante su visita, el Canciller ser\u00e1 recibido por los altos funcionarios iran\u00edes.<\/p>\n<p style=\"text-align: justify;\">A su llegada, al-Mekdad fue recibido por el vicecanciller iran\u00ed y director general de Asia Occidental y Norte de \u00c1frica, Muhammad Sadiq Fadli, el jefe del Departamento de Asia Occidental, Shah Hosseini, el embajador de Siria en Teher\u00e1n, Shafiq Dayop, y miembros de la Embajada de Siria y varios funcionarios iran\u00edes.<\/p>\n<p style=\"text-align: justify;\">Acompa\u00f1an al ministro en su visita Abdullah Hallaq, director de la Oficina del Ministro, Khaled Sharaf, director del Departamento de Asuntos Afroasi\u00e1ticos, e Ihab Hamed de la Oficina del Ministro.<\/p>\n<p style=\"text-align: justify;\">fm\/rr<\/p>\n","protected":false},"excerpt":{"rendered":"<p>Teher\u00e1n, 19 jul (SANA)\u00a0 \u00a0El ministro de Asuntos Exteriores y Expatriados de Siria, Faisal al-Mekdad, lleg\u00f3 hoy a la capital iran\u00ed, Teher\u00e1n, para repasar las relaciones bilaterales y los \u00faltimos acontecimientos en el \u00e1mbito regional e internacional. Durante su visita, el Canciller ser\u00e1 recibido por los altos funcionarios iran\u00edes. A su llegada, al-Mekdad fue recibido &hellip;<\/p>\n","protected":false},"author":31,"featured_media":244257,"comment_status":"closed","ping_status":"closed","sticky":false,"template":"","format":"standard","meta":{"footnotes":""},"categories":[597,467,7541],"tags":[],"class_list":["post-244256","post","type-post","status-publish","format-standard","has-post-thumbnail","","category-cinta-de-noticias","category-siria-y-el-mundo","category-ultimas-noticias"],"_links":{"self":[{"href":"https:\/\/archive.sana.sy\/es\/index.php?rest_route=\/wp\/v2\/posts\/244256"}],"collection":[{"href":"https:\/\/archive.sana.sy\/es\/index.php?rest_route=\/wp\/v2\/posts"}],"about":[{"href":"https:\/\/archive.sana.sy\/es\/index.php?rest_route=\/wp\/v2\/types\/post"}],"author":[{"embeddable":true,"href":"https:\/\/archive.sana.sy\/es\/index.php?rest_route=\/wp\/v2\/users\/31"}],"replies":[{"embeddable":true,"href":"https:\/\/archive.sana.sy\/es\/index.php?rest_route=%2Fwp%2Fv2%2Fcomments&post=244256"}],"version-history":[{"count":0,"href":"https:\/\/archive.sana.sy\/es\/index.php?rest_route=\/wp\/v2\/posts\/244256\/revisions"}],"wp:featuredmedia":[{"embeddable":true,"href":"https:\/\/archive.sana.sy\/es\/index.php?rest_route=\/wp\/v2\/media\/244257"}],"wp:attachment":[{"href":"https:\/\/archive.sana.sy\/es\/index.php?rest_route=%2Fwp%2Fv2%2Fmedia&parent=244256"}],"wp:term":[{"taxonomy":"category","embeddable":true,"href":"https:\/\/archive.sana.sy\/es\/index.php?rest_route=%2Fwp%2Fv2%2Fcategories&post=244256"},{"taxonomy":"post_tag","embeddable":true,"href":"https:\/\/archive.sana.sy\/es\/index.php?rest_route=%2Fwp%2Fv2%2Ftags&post=244256"}],"curies":[{"name":"wp","href":"https:\/\/api.w.org\/{rel}","templated":true}]}}