{"id":24431,"date":"2015-06-03T16:47:09","date_gmt":"2015-06-03T13:47:09","guid":{"rendered":"http:\/\/sana.sy\/es\/?p=24431"},"modified":"2015-06-03T16:47:09","modified_gmt":"2015-06-03T13:47:09","slug":"siria-denuncia-ante-oit-los-actos-terroristas-contra-los-trabajadores-sirios","status":"publish","type":"post","link":"https:\/\/archive.sana.sy\/es\/?p=24431","title":{"rendered":"Siria denuncia ante OIT los actos terroristas contra los trabajadores sirios"},"content":{"rendered":"<p><span style=\"color: #800000\">Ginebra, SANA<\/span><\/p>\n<p>El ministro del Trabajo, Khalaf Abdullah, se reuni\u00f3 con la directora del Centro Internacional de Formaci\u00f3n (CIF), Patricia O\u2019Donovan, al margen de las labores de la 104 reuni\u00f3n de la Conferencia de la Organizaci\u00f3n Internacional de Trabajo (OIT) celebrada en Ginebra.<\/p>\n<p>Durante la reuni\u00f3n, el ministro sirio hizo una panor\u00e1mica sobre los actos de destrucci\u00f3n y sabotaje que sufren las instalaciones industriales tanto estatales como privadas en Siria a manos de las organizaciones terroristas, lo cual afect\u00f3 a los trabajadores.<\/p>\n<p>El titular de Trabajo sirio llam\u00f3 a la OIT a que arroje luz sobre la situaci\u00f3n de los trabajadores en Siria, pidi\u00e9ndola a la vez que reactive la cooperaci\u00f3n con el Ministerio sirio.<\/p>\n<p>A su vez, O\u2019Donovan comprometi\u00f3 con reanudar los programas de formaci\u00f3n y entrenamiento a los trabajadores sirios, se\u00f1alando que la organizaci\u00f3n est\u00e1 al tanto de todos los actos de destrucci\u00f3n que sufre el sector de trabajo en Siria.<\/p>\n<p>Lynn A., Fady M.<\/p>\n","protected":false},"excerpt":{"rendered":"<p>Ginebra, SANA El ministro del Trabajo, Khalaf Abdullah, se reuni\u00f3 con la directora del Centro Internacional de Formaci\u00f3n (CIF), Patricia O\u2019Donovan, al margen de las labores de la 104 reuni\u00f3n de la Conferencia de la Organizaci\u00f3n Internacional de Trabajo (OIT) celebrada en Ginebra. Durante la reuni\u00f3n, el ministro sirio hizo una panor\u00e1mica sobre los actos &hellip;<\/p>\n","protected":false},"author":24,"featured_media":24432,"comment_status":"closed","ping_status":"closed","sticky":false,"template":"","format":"standard","meta":{"footnotes":""},"categories":[597],"tags":[5508],"class_list":["post-24431","post","type-post","status-publish","format-standard","has-post-thumbnail","","category-cinta-de-noticias","tag-siria-denuncia-ante-oit-los-actos-terroristas-contra-los-trabajadores-sirios"],"_links":{"self":[{"href":"https:\/\/archive.sana.sy\/es\/index.php?rest_route=\/wp\/v2\/posts\/24431"}],"collection":[{"href":"https:\/\/archive.sana.sy\/es\/index.php?rest_route=\/wp\/v2\/posts"}],"about":[{"href":"https:\/\/archive.sana.sy\/es\/index.php?rest_route=\/wp\/v2\/types\/post"}],"author":[{"embeddable":true,"href":"https:\/\/archive.sana.sy\/es\/index.php?rest_route=\/wp\/v2\/users\/24"}],"replies":[{"embeddable":true,"href":"https:\/\/archive.sana.sy\/es\/index.php?rest_route=%2Fwp%2Fv2%2Fcomments&post=24431"}],"version-history":[{"count":0,"href":"https:\/\/archive.sana.sy\/es\/index.php?rest_route=\/wp\/v2\/posts\/24431\/revisions"}],"wp:featuredmedia":[{"embeddable":true,"href":"https:\/\/archive.sana.sy\/es\/index.php?rest_route=\/wp\/v2\/media\/24432"}],"wp:attachment":[{"href":"https:\/\/archive.sana.sy\/es\/index.php?rest_route=%2Fwp%2Fv2%2Fmedia&parent=24431"}],"wp:term":[{"taxonomy":"category","embeddable":true,"href":"https:\/\/archive.sana.sy\/es\/index.php?rest_route=%2Fwp%2Fv2%2Fcategories&post=24431"},{"taxonomy":"post_tag","embeddable":true,"href":"https:\/\/archive.sana.sy\/es\/index.php?rest_route=%2Fwp%2Fv2%2Ftags&post=24431"}],"curies":[{"name":"wp","href":"https:\/\/api.w.org\/{rel}","templated":true}]}}