{"id":244345,"date":"2022-07-20T14:59:37","date_gmt":"2022-07-20T11:59:37","guid":{"rendered":"http:\/\/107.6.182.27\/es\/?p=244345"},"modified":"2022-07-20T14:59:37","modified_gmt":"2022-07-20T11:59:37","slug":"teheran-reitera-necesidad-de-poner-fin-a-la-presencia-militar-estadounidense-en-siria","status":"publish","type":"post","link":"https:\/\/archive.sana.sy\/es\/?p=244345","title":{"rendered":"Teher\u00e1n reitera necesidad de poner fin a la presencia militar estadounidense en Siria"},"content":{"rendered":"<blockquote>\n<p style=\"text-align: justify;\"><strong>\u201cIr\u00e1n juega un papel importante en Siria y nuestra regi\u00f3n necesita consolidar las relaciones de amistad y cooperaci\u00f3n m\u00e1s que alianzas extranjeras falsas\u201d<\/strong><\/p>\n<\/blockquote>\n<p style=\"text-align: justify;\"><strong><span style=\"color: #800000;\">Teher\u00e1n, 20 jul (SANA)<\/span>\u00a0<\/strong> \u00a0El portavoz del Ministerio de Relaciones Exteriores de Ir\u00e1n, Nasser Kanaani, reiter\u00f3 la necesidad de poner fin a la presencia militar estadounidense en el noreste de Siria y dejar de apoyar a los terroristas.<\/p>\n<p style=\"text-align: justify;\">\u201cIr\u00e1n juega un papel importante en Siria y nuestra regi\u00f3n necesita consolidar las relaciones de amistad y cooperaci\u00f3n m\u00e1s que alianzas extranjeras falsas\u201d, dijo Kanaani durante una conferencia de prensa.<\/p>\n<p style=\"text-align: justify;\">&#8220;La diplomacia iran\u00ed ha utilizado toda su fuerza y capacidad en los \u00faltimos meses para garantizar la seguridad en la regi\u00f3n y fortalecer las relaciones con los pa\u00edses isl\u00e1micos&#8221;, agreg\u00f3 Kanaani.<\/p>\n<p style=\"text-align: justify;\">Sobre la visita realizada por el Ministro de Relaciones Exteriores y Expatriados, Faisal Miqdad, a Teher\u00e1n, Kanaani se\u00f1al\u00f3 que la misma fue por invitaci\u00f3n del Ministro de Exteriores iran\u00ed, Hossein Amir Abdollahian, para discutir la cooperaci\u00f3n bilateral y temas regionales internacionales.<\/p>\n<p style=\"text-align: justify;\">ed\/fm<\/p>\n","protected":false},"excerpt":{"rendered":"<p>\u201cIr\u00e1n juega un papel importante en Siria y nuestra regi\u00f3n necesita consolidar las relaciones de amistad y cooperaci\u00f3n m\u00e1s que alianzas extranjeras falsas\u201d Teher\u00e1n, 20 jul (SANA)\u00a0 \u00a0El portavoz del Ministerio de Relaciones Exteriores de Ir\u00e1n, Nasser Kanaani, reiter\u00f3 la necesidad de poner fin a la presencia militar estadounidense en el noreste de Siria y &hellip;<\/p>\n","protected":false},"author":32,"featured_media":244346,"comment_status":"closed","ping_status":"closed","sticky":false,"template":"","format":"standard","meta":{"footnotes":""},"categories":[597,20724,467,7541],"tags":[],"class_list":["post-244345","post","type-post","status-publish","format-standard","has-post-thumbnail","","category-cinta-de-noticias","category-minuto-a-minuto","category-siria-y-el-mundo","category-ultimas-noticias"],"_links":{"self":[{"href":"https:\/\/archive.sana.sy\/es\/index.php?rest_route=\/wp\/v2\/posts\/244345"}],"collection":[{"href":"https:\/\/archive.sana.sy\/es\/index.php?rest_route=\/wp\/v2\/posts"}],"about":[{"href":"https:\/\/archive.sana.sy\/es\/index.php?rest_route=\/wp\/v2\/types\/post"}],"author":[{"embeddable":true,"href":"https:\/\/archive.sana.sy\/es\/index.php?rest_route=\/wp\/v2\/users\/32"}],"replies":[{"embeddable":true,"href":"https:\/\/archive.sana.sy\/es\/index.php?rest_route=%2Fwp%2Fv2%2Fcomments&post=244345"}],"version-history":[{"count":0,"href":"https:\/\/archive.sana.sy\/es\/index.php?rest_route=\/wp\/v2\/posts\/244345\/revisions"}],"wp:featuredmedia":[{"embeddable":true,"href":"https:\/\/archive.sana.sy\/es\/index.php?rest_route=\/wp\/v2\/media\/244346"}],"wp:attachment":[{"href":"https:\/\/archive.sana.sy\/es\/index.php?rest_route=%2Fwp%2Fv2%2Fmedia&parent=244345"}],"wp:term":[{"taxonomy":"category","embeddable":true,"href":"https:\/\/archive.sana.sy\/es\/index.php?rest_route=%2Fwp%2Fv2%2Fcategories&post=244345"},{"taxonomy":"post_tag","embeddable":true,"href":"https:\/\/archive.sana.sy\/es\/index.php?rest_route=%2Fwp%2Fv2%2Ftags&post=244345"}],"curies":[{"name":"wp","href":"https:\/\/api.w.org\/{rel}","templated":true}]}}