{"id":244428,"date":"2022-07-20T22:09:18","date_gmt":"2022-07-20T19:09:18","guid":{"rendered":"http:\/\/107.6.182.27\/es\/?p=244428"},"modified":"2022-07-20T22:10:36","modified_gmt":"2022-07-20T19:10:36","slug":"presidente-irani-recibe-a-canciller-sirio-e-insta-a-la-salida-inmediata-de-las-fuerzas-de-eeuu-de-territorio-sirio","status":"publish","type":"post","link":"https:\/\/archive.sana.sy\/es\/?p=244428","title":{"rendered":"Presidente iran\u00ed recibe a Canciller sirio e insta a la salida inmediata de las fuerzas de EEUU de territorio sirio"},"content":{"rendered":"<blockquote>\n<p style=\"text-align: justify;\"><span style=\"color: #ff0000;\"><strong>El presidente iran\u00ed, Ibrahim Raisi, reiter\u00f3 la necesidad de respetar la soberan\u00eda, unidad e integridad territorial de Siria, y enfatiz\u00f3 que su pa\u00eds seguir\u00e1 la cooperaci\u00f3n y el desarrollo de relaciones bilaterales con Damasco en diversos campos.<\/strong><\/span><\/p>\n<\/blockquote>\n<p style=\"text-align: justify;\"><span style=\"color: #800000;\"><strong>Teher\u00e1n, 20 jul (SANA)\u00a0 \u00a0<\/strong><\/span>Durante su recibimiento a Faisal al-Mekdad, el ministro de Asuntos Exteriores y Expatriados, el mandatario iran\u00ed revel\u00f3 que Teher\u00e1n enfatiz\u00f3 durante la reciente reuni\u00f3n de jefes de estados garantes del proceso de Astan\u00e1, la necesidad de abstenerse de cualquier acci\u00f3n que afecte la seguridad de Siria.<\/p>\n<p style=\"text-align: justify;\"><img loading=\"lazy\" decoding=\"async\" class=\"size-medium wp-image-244430 alignright\" src=\"http:\/\/107.6.182.27\/es\/wp-content\/uploads\/2022\/07\/photo_2022-07-20_19-49-42-300x195.jpg\" alt=\"\" width=\"300\" height=\"195\" srcset=\"https:\/\/archive.sana.sy\/es\/wp-content\/uploads\/2022\/07\/photo_2022-07-20_19-49-42-300x195.jpg 300w, https:\/\/archive.sana.sy\/es\/wp-content\/uploads\/2022\/07\/photo_2022-07-20_19-49-42-150x97.jpg 150w, https:\/\/archive.sana.sy\/es\/wp-content\/uploads\/2022\/07\/photo_2022-07-20_19-49-42.jpg 660w\" sizes=\"(max-width: 300px) 100vw, 300px\" \/><\/p>\n<p style=\"text-align: justify;\">Aclar\u00f3 que la soluci\u00f3n a cualquier problema debe ser basarse en el di\u00e1logo y el respeto a la soberan\u00eda siria e inst\u00f3 a la salida de las fuerzas estadounidenses que se encuentran ilegalmente en Siria y que dejen de saquear las riquezas sirias, adem\u00e1s de levantar las medidas coercitivas unilaterales impuestas al pueblo sirio.<\/p>\n<p style=\"text-align: justify;\">Por su parte, el canciller al-Mekdad expres\u00f3 la satisfacci\u00f3n de Siria con respecto a los resultados de la cumbre trilateral de los jefes de los estados garantes del proceso de Astan\u00e1 y expres\u00f3 su reconocimiento por las posiciones claras y de principios adoptadas por Ir\u00e1n hacia Siria, especialmente las expresadas durante la cumbre.<\/p>\n<p style=\"text-align: justify;\">Manifest\u00f3 la determinaci\u00f3n de Siria de continuar fortaleciendo sus relaciones con Ir\u00e1n en varios campos y aumentar la coordinaci\u00f3n conjunta en varios niveles.<\/p>\n<p style=\"text-align: justify;\">fm\/sm<\/p>\n","protected":false},"excerpt":{"rendered":"<p>El presidente iran\u00ed, Ibrahim Raisi, reiter\u00f3 la necesidad de respetar la soberan\u00eda, unidad e integridad territorial de Siria, y enfatiz\u00f3 que su pa\u00eds seguir\u00e1 la cooperaci\u00f3n y el desarrollo de relaciones bilaterales con Damasco en diversos campos. Teher\u00e1n, 20 jul (SANA)\u00a0 \u00a0Durante su recibimiento a Faisal al-Mekdad, el ministro de Asuntos Exteriores y Expatriados, el &hellip;<\/p>\n","protected":false},"author":39,"featured_media":244432,"comment_status":"closed","ping_status":"closed","sticky":false,"template":"","format":"standard","meta":{"footnotes":""},"categories":[597,467,583],"tags":[],"class_list":["post-244428","post","type-post","status-publish","format-standard","has-post-thumbnail","","category-cinta-de-noticias","category-siria-y-el-mundo","category-slide"],"_links":{"self":[{"href":"https:\/\/archive.sana.sy\/es\/index.php?rest_route=\/wp\/v2\/posts\/244428"}],"collection":[{"href":"https:\/\/archive.sana.sy\/es\/index.php?rest_route=\/wp\/v2\/posts"}],"about":[{"href":"https:\/\/archive.sana.sy\/es\/index.php?rest_route=\/wp\/v2\/types\/post"}],"author":[{"embeddable":true,"href":"https:\/\/archive.sana.sy\/es\/index.php?rest_route=\/wp\/v2\/users\/39"}],"replies":[{"embeddable":true,"href":"https:\/\/archive.sana.sy\/es\/index.php?rest_route=%2Fwp%2Fv2%2Fcomments&post=244428"}],"version-history":[{"count":0,"href":"https:\/\/archive.sana.sy\/es\/index.php?rest_route=\/wp\/v2\/posts\/244428\/revisions"}],"wp:featuredmedia":[{"embeddable":true,"href":"https:\/\/archive.sana.sy\/es\/index.php?rest_route=\/wp\/v2\/media\/244432"}],"wp:attachment":[{"href":"https:\/\/archive.sana.sy\/es\/index.php?rest_route=%2Fwp%2Fv2%2Fmedia&parent=244428"}],"wp:term":[{"taxonomy":"category","embeddable":true,"href":"https:\/\/archive.sana.sy\/es\/index.php?rest_route=%2Fwp%2Fv2%2Fcategories&post=244428"},{"taxonomy":"post_tag","embeddable":true,"href":"https:\/\/archive.sana.sy\/es\/index.php?rest_route=%2Fwp%2Fv2%2Ftags&post=244428"}],"curies":[{"name":"wp","href":"https:\/\/api.w.org\/{rel}","templated":true}]}}