{"id":244446,"date":"2024-06-09T13:50:22","date_gmt":"2024-06-09T10:50:22","guid":{"rendered":"http:\/\/107.6.182.27\/es\/?p=244446"},"modified":"2024-06-09T19:59:56","modified_gmt":"2024-06-09T16:59:56","slug":"el-monasterio-que-albergo-al-profeta-elias-cerca-de-damasco","status":"publish","type":"post","link":"https:\/\/archive.sana.sy\/es\/?p=244446","title":{"rendered":"El monasterio que alberg\u00f3 al profeta El\u00edas, cerca de Damasco"},"content":{"rendered":"<blockquote>\n<p style=\"text-align: justify;\"><span style=\"color: #993300;\"><strong>En el monasterio hay un estrecho t\u00fanel que se adentra en las rocas y conduce a la cueva natural que alberg\u00f3 al profeta El\u00edas (seg\u00fan Antiguo Testamento), durante su estancia en el desierto de Damasco<\/strong><\/span><\/p>\n<\/blockquote>\n<p style=\"text-align: justify;\"><strong><span style=\"color: #800000;\">Damasco, 9 jun (SANA)<\/span><\/strong> El monasterio de San El\u00edas es uno de los lugares sagrados cristianos m\u00e1s importantes de Siria. Se encuentra a 32 km al norte de la capital Damasco y a 2.2 km al sur de la localidad de Maaret Sednaya.<\/p>\n<p style=\"text-align: justify;\">El monasterio consta de un complejo moderno que se construy\u00f3 al costado de la monta\u00f1a, sobre las ruinas de una iglesia mucho m\u00e1s antigua.<\/p>\n<p style=\"text-align: justify;\">Detr\u00e1s de este monasterio hay una estrecha escalera de piedra (212 escalones) que conduce al santuario (la antigua Iglesia), y un estrecho t\u00fanel que se adentra en las rocas y conduce a la cueva natural que alberg\u00f3 al profeta El\u00edas (seg\u00fan Antiguo Testamento), durante su estancia en el desierto de Damasco.<\/p>\n<p style=\"text-align: justify;\">La parte m\u00e1s importante de este Santuario es el Templo Bizantino que contiene un antiguo Altar y una antigua Pila Bautismal tallada en la roca.<\/p>\n<p style=\"text-align: justify;\">Este templo contiene frescos conservados que datan del siglo XIII al XV, el m\u00e1s famoso es el icono de Mar Elias ascendiendo al cielo en una carreta de fuego.<\/p>\n<p style=\"text-align: justify;\">El 20 de julio de cada a\u00f1o, la Iglesia Greco-ortodoxa conmemora y recuerda al Profeta Elias, y es el d\u00eda de Mar Elias.<\/p>\n<p>fm\/ed<\/p>\n<div id='gallery-1' class='gallery galleryid-244446 gallery-columns-1 gallery-size-full'><figure class='gallery-item'>\n\t\t\t<div class='gallery-icon landscape'>\n\t\t\t\t<a href='https:\/\/archive.sana.sy\/es\/wp-content\/uploads\/2022\/07\/photo_2022-07-21_08-13-59-2.jpg'><img loading=\"lazy\" decoding=\"async\" width=\"762\" height=\"366\" src=\"https:\/\/archive.sana.sy\/es\/wp-content\/uploads\/2022\/07\/photo_2022-07-21_08-13-59-2.jpg\" class=\"attachment-full size-full\" alt=\"\" srcset=\"https:\/\/archive.sana.sy\/es\/wp-content\/uploads\/2022\/07\/photo_2022-07-21_08-13-59-2.jpg 762w, https:\/\/archive.sana.sy\/es\/wp-content\/uploads\/2022\/07\/photo_2022-07-21_08-13-59-2-300x144.jpg 300w, https:\/\/archive.sana.sy\/es\/wp-content\/uploads\/2022\/07\/photo_2022-07-21_08-13-59-2-150x72.jpg 150w\" sizes=\"(max-width: 762px) 100vw, 762px\" \/><\/a>\n\t\t\t<\/div><\/figure><figure class='gallery-item'>\n\t\t\t<div class='gallery-icon landscape'>\n\t\t\t\t<a href='https:\/\/archive.sana.sy\/es\/wp-content\/uploads\/2022\/07\/photo_2022-07-21_08-13-59.jpg'><img loading=\"lazy\" decoding=\"async\" width=\"957\" height=\"615\" src=\"https:\/\/archive.sana.sy\/es\/wp-content\/uploads\/2022\/07\/photo_2022-07-21_08-13-59.jpg\" class=\"attachment-full size-full\" alt=\"\" srcset=\"https:\/\/archive.sana.sy\/es\/wp-content\/uploads\/2022\/07\/photo_2022-07-21_08-13-59.jpg 957w, https:\/\/archive.sana.sy\/es\/wp-content\/uploads\/2022\/07\/photo_2022-07-21_08-13-59-300x193.jpg 300w, https:\/\/archive.sana.sy\/es\/wp-content\/uploads\/2022\/07\/photo_2022-07-21_08-13-59-150x96.jpg 150w, https:\/\/archive.sana.sy\/es\/wp-content\/uploads\/2022\/07\/photo_2022-07-21_08-13-59-768x494.jpg 768w\" sizes=\"(max-width: 957px) 100vw, 957px\" \/><\/a>\n\t\t\t<\/div><\/figure><figure class='gallery-item'>\n\t\t\t<div class='gallery-icon portrait'>\n\t\t\t\t<a href='https:\/\/archive.sana.sy\/es\/wp-content\/uploads\/2022\/07\/photo_2022-07-21_08-14-01-2.jpg'><img loading=\"lazy\" decoding=\"async\" width=\"490\" height=\"626\" src=\"https:\/\/archive.sana.sy\/es\/wp-content\/uploads\/2022\/07\/photo_2022-07-21_08-14-01-2.jpg\" class=\"attachment-full size-full\" alt=\"\" srcset=\"https:\/\/archive.sana.sy\/es\/wp-content\/uploads\/2022\/07\/photo_2022-07-21_08-14-01-2.jpg 490w, https:\/\/archive.sana.sy\/es\/wp-content\/uploads\/2022\/07\/photo_2022-07-21_08-14-01-2-235x300.jpg 235w, https:\/\/archive.sana.sy\/es\/wp-content\/uploads\/2022\/07\/photo_2022-07-21_08-14-01-2-117x150.jpg 117w\" sizes=\"(max-width: 490px) 100vw, 490px\" \/><\/a>\n\t\t\t<\/div><\/figure><figure class='gallery-item'>\n\t\t\t<div class='gallery-icon landscape'>\n\t\t\t\t<a href='https:\/\/archive.sana.sy\/es\/wp-content\/uploads\/2022\/07\/photo_2022-07-21_08-14-00-2.jpg'><img loading=\"lazy\" decoding=\"async\" width=\"955\" height=\"444\" src=\"https:\/\/archive.sana.sy\/es\/wp-content\/uploads\/2022\/07\/photo_2022-07-21_08-14-00-2.jpg\" class=\"attachment-full size-full\" alt=\"\" srcset=\"https:\/\/archive.sana.sy\/es\/wp-content\/uploads\/2022\/07\/photo_2022-07-21_08-14-00-2.jpg 955w, https:\/\/archive.sana.sy\/es\/wp-content\/uploads\/2022\/07\/photo_2022-07-21_08-14-00-2-300x139.jpg 300w, https:\/\/archive.sana.sy\/es\/wp-content\/uploads\/2022\/07\/photo_2022-07-21_08-14-00-2-150x70.jpg 150w, https:\/\/archive.sana.sy\/es\/wp-content\/uploads\/2022\/07\/photo_2022-07-21_08-14-00-2-768x357.jpg 768w\" sizes=\"(max-width: 955px) 100vw, 955px\" \/><\/a>\n\t\t\t<\/div><\/figure><figure class='gallery-item'>\n\t\t\t<div class='gallery-icon portrait'>\n\t\t\t\t<a href='https:\/\/archive.sana.sy\/es\/wp-content\/uploads\/2022\/07\/photo_2022-07-21_08-14-00.jpg'><img loading=\"lazy\" decoding=\"async\" width=\"565\" height=\"820\" src=\"https:\/\/archive.sana.sy\/es\/wp-content\/uploads\/2022\/07\/photo_2022-07-21_08-14-00.jpg\" class=\"attachment-full size-full\" alt=\"\" srcset=\"https:\/\/archive.sana.sy\/es\/wp-content\/uploads\/2022\/07\/photo_2022-07-21_08-14-00.jpg 565w, https:\/\/archive.sana.sy\/es\/wp-content\/uploads\/2022\/07\/photo_2022-07-21_08-14-00-207x300.jpg 207w, https:\/\/archive.sana.sy\/es\/wp-content\/uploads\/2022\/07\/photo_2022-07-21_08-14-00-103x150.jpg 103w\" sizes=\"(max-width: 565px) 100vw, 565px\" \/><\/a>\n\t\t\t<\/div><\/figure><figure class='gallery-item'>\n\t\t\t<div class='gallery-icon landscape'>\n\t\t\t\t<a href='https:\/\/archive.sana.sy\/es\/wp-content\/uploads\/2022\/07\/monasterio-de-San-Elias-1.jpg'><img loading=\"lazy\" decoding=\"async\" width=\"600\" height=\"290\" src=\"https:\/\/archive.sana.sy\/es\/wp-content\/uploads\/2022\/07\/monasterio-de-San-Elias-1.jpg\" class=\"attachment-full size-full\" alt=\"\" srcset=\"https:\/\/archive.sana.sy\/es\/wp-content\/uploads\/2022\/07\/monasterio-de-San-Elias-1.jpg 600w, https:\/\/archive.sana.sy\/es\/wp-content\/uploads\/2022\/07\/monasterio-de-San-Elias-1-300x145.jpg 300w, https:\/\/archive.sana.sy\/es\/wp-content\/uploads\/2022\/07\/monasterio-de-San-Elias-1-150x73.jpg 150w\" sizes=\"(max-width: 600px) 100vw, 600px\" \/><\/a>\n\t\t\t<\/div><\/figure><figure class='gallery-item'>\n\t\t\t<div class='gallery-icon portrait'>\n\t\t\t\t<a href='https:\/\/archive.sana.sy\/es\/wp-content\/uploads\/2022\/07\/photo_2022-07-21_08-14-01.jpg'><img loading=\"lazy\" decoding=\"async\" width=\"567\" height=\"826\" src=\"https:\/\/archive.sana.sy\/es\/wp-content\/uploads\/2022\/07\/photo_2022-07-21_08-14-01.jpg\" class=\"attachment-full size-full\" alt=\"\" srcset=\"https:\/\/archive.sana.sy\/es\/wp-content\/uploads\/2022\/07\/photo_2022-07-21_08-14-01.jpg 567w, https:\/\/archive.sana.sy\/es\/wp-content\/uploads\/2022\/07\/photo_2022-07-21_08-14-01-206x300.jpg 206w, https:\/\/archive.sana.sy\/es\/wp-content\/uploads\/2022\/07\/photo_2022-07-21_08-14-01-103x150.jpg 103w\" sizes=\"(max-width: 567px) 100vw, 567px\" \/><\/a>\n\t\t\t<\/div><\/figure>\n\t\t<\/div>\n\n","protected":false},"excerpt":{"rendered":"<p>En el monasterio hay un estrecho t\u00fanel que se adentra en las rocas y conduce a la cueva natural que alberg\u00f3 al profeta El\u00edas (seg\u00fan Antiguo Testamento), durante su estancia en el desierto de Damasco Damasco, 9 jun (SANA) El monasterio de San El\u00edas es uno de los lugares sagrados cristianos m\u00e1s importantes de Siria. &hellip;<\/p>\n","protected":false},"author":32,"featured_media":244447,"comment_status":"closed","ping_status":"closed","sticky":false,"template":"","format":"standard","meta":{"footnotes":""},"categories":[447,477,597,476,583,18781],"tags":[],"class_list":["post-244446","post","type-post","status-publish","format-standard","has-post-thumbnail","","category-local-politica","category-noticias-edulcorantes","category-cinta-de-noticias","category-locales","category-slide","category-vistazos-sobre-siria"],"_links":{"self":[{"href":"https:\/\/archive.sana.sy\/es\/index.php?rest_route=\/wp\/v2\/posts\/244446"}],"collection":[{"href":"https:\/\/archive.sana.sy\/es\/index.php?rest_route=\/wp\/v2\/posts"}],"about":[{"href":"https:\/\/archive.sana.sy\/es\/index.php?rest_route=\/wp\/v2\/types\/post"}],"author":[{"embeddable":true,"href":"https:\/\/archive.sana.sy\/es\/index.php?rest_route=\/wp\/v2\/users\/32"}],"replies":[{"embeddable":true,"href":"https:\/\/archive.sana.sy\/es\/index.php?rest_route=%2Fwp%2Fv2%2Fcomments&post=244446"}],"version-history":[{"count":1,"href":"https:\/\/archive.sana.sy\/es\/index.php?rest_route=\/wp\/v2\/posts\/244446\/revisions"}],"predecessor-version":[{"id":331343,"href":"https:\/\/archive.sana.sy\/es\/index.php?rest_route=\/wp\/v2\/posts\/244446\/revisions\/331343"}],"wp:featuredmedia":[{"embeddable":true,"href":"https:\/\/archive.sana.sy\/es\/index.php?rest_route=\/wp\/v2\/media\/244447"}],"wp:attachment":[{"href":"https:\/\/archive.sana.sy\/es\/index.php?rest_route=%2Fwp%2Fv2%2Fmedia&parent=244446"}],"wp:term":[{"taxonomy":"category","embeddable":true,"href":"https:\/\/archive.sana.sy\/es\/index.php?rest_route=%2Fwp%2Fv2%2Fcategories&post=244446"},{"taxonomy":"post_tag","embeddable":true,"href":"https:\/\/archive.sana.sy\/es\/index.php?rest_route=%2Fwp%2Fv2%2Ftags&post=244446"}],"curies":[{"name":"wp","href":"https:\/\/api.w.org\/{rel}","templated":true}]}}