{"id":24446,"date":"2015-06-03T17:41:41","date_gmt":"2015-06-03T14:41:41","guid":{"rendered":"http:\/\/sana.sy\/es\/?p=24446"},"modified":"2015-06-03T17:41:41","modified_gmt":"2015-06-03T14:41:41","slug":"bredi-la-accion-de-auxilio-se-centrara-en-la-proxima-etapa-a-devolver-los-desplazados-a-sus-hogares","status":"publish","type":"post","link":"https:\/\/archive.sana.sy\/es\/?p=24446","title":{"rendered":"Bredi: la acci\u00f3n de auxilio se centrar\u00e1 en la pr\u00f3xima etapa a devolver los desplazados a sus hogares"},"content":{"rendered":"<p><span style=\"color: #800000\">Damasco, SANA<\/span><\/p>\n<p>La directora del Departamento de Asuntos de Cooperaci\u00f3n Internacional del Ministerio de Administraci\u00f3n Local, Rafah Bredi se\u00f1al\u00f3 que la acci\u00f3n de auxilio en Siria en la pr\u00f3xima etapa no se limitar\u00e1 solamente a la distribuci\u00f3n de las canastas alimenticias sino incluir\u00e1 tambi\u00e9n esfuerzos para devolver a los desplazados a sus hogares y garantizarles los necesarios servicios de salud y educaci\u00f3n.<\/p>\n<p>En declaraciones a SANA, Bredi se\u00f1al\u00f3 que se buscan actualmente fuentes de financiaci\u00f3n locales e internacionales para cubrir las necesidades, as\u00ed como se trabajar\u00e1 para rehabilitar las zonas limpiadas de los terroristas a fin de garantizar el retorno de los desplazados a sus domicilios y establecer proyectos de desarrollo capaces de revitalizar estas zonas.<\/p>\n<p>&nbsp;<\/p>\n<p>Lynn A.<\/p>\n","protected":false},"excerpt":{"rendered":"<p>Damasco, SANA La directora del Departamento de Asuntos de Cooperaci\u00f3n Internacional del Ministerio de Administraci\u00f3n Local, Rafah Bredi se\u00f1al\u00f3 que la acci\u00f3n de auxilio en Siria en la pr\u00f3xima etapa no se limitar\u00e1 solamente a la distribuci\u00f3n de las canastas alimenticias sino incluir\u00e1 tambi\u00e9n esfuerzos para devolver a los desplazados a sus hogares y garantizarles &hellip;<\/p>\n","protected":false},"author":24,"featured_media":24447,"comment_status":"closed","ping_status":"closed","sticky":false,"template":"","format":"standard","meta":{"footnotes":""},"categories":[477,476],"tags":[5511],"class_list":["post-24446","post","type-post","status-publish","format-standard","has-post-thumbnail","","category-noticias-edulcorantes","category-locales","tag-bredi-la-accion-de-auxilio-se-centrara-en-la-proxima-etapa-a-devolver-los-desplazados-a-sus-hogares"],"_links":{"self":[{"href":"https:\/\/archive.sana.sy\/es\/index.php?rest_route=\/wp\/v2\/posts\/24446"}],"collection":[{"href":"https:\/\/archive.sana.sy\/es\/index.php?rest_route=\/wp\/v2\/posts"}],"about":[{"href":"https:\/\/archive.sana.sy\/es\/index.php?rest_route=\/wp\/v2\/types\/post"}],"author":[{"embeddable":true,"href":"https:\/\/archive.sana.sy\/es\/index.php?rest_route=\/wp\/v2\/users\/24"}],"replies":[{"embeddable":true,"href":"https:\/\/archive.sana.sy\/es\/index.php?rest_route=%2Fwp%2Fv2%2Fcomments&post=24446"}],"version-history":[{"count":0,"href":"https:\/\/archive.sana.sy\/es\/index.php?rest_route=\/wp\/v2\/posts\/24446\/revisions"}],"wp:featuredmedia":[{"embeddable":true,"href":"https:\/\/archive.sana.sy\/es\/index.php?rest_route=\/wp\/v2\/media\/24447"}],"wp:attachment":[{"href":"https:\/\/archive.sana.sy\/es\/index.php?rest_route=%2Fwp%2Fv2%2Fmedia&parent=24446"}],"wp:term":[{"taxonomy":"category","embeddable":true,"href":"https:\/\/archive.sana.sy\/es\/index.php?rest_route=%2Fwp%2Fv2%2Fcategories&post=24446"},{"taxonomy":"post_tag","embeddable":true,"href":"https:\/\/archive.sana.sy\/es\/index.php?rest_route=%2Fwp%2Fv2%2Ftags&post=24446"}],"curies":[{"name":"wp","href":"https:\/\/api.w.org\/{rel}","templated":true}]}}