{"id":244479,"date":"2022-07-21T20:38:13","date_gmt":"2022-07-21T17:38:13","guid":{"rendered":"http:\/\/107.6.182.27\/es\/?p=244479"},"modified":"2022-07-21T22:07:55","modified_gmt":"2022-07-21T19:07:55","slug":"canciller-sirio-y-vicepresidente-irani-dialogan-sobre-cooperacion-economica-bilateral","status":"publish","type":"post","link":"https:\/\/archive.sana.sy\/es\/?p=244479","title":{"rendered":"Canciller sirio y vicepresidente iran\u00ed dialogan sobre cooperaci\u00f3n econ\u00f3mica bilateral"},"content":{"rendered":"<p style=\"text-align: justify;\"><strong><span style=\"color: #800000;\">Teher\u00e1n, 21 jul (SANA)<\/span><\/strong> El ministro de Exteriores y Expatriados, Faisal al-Mekdad, y el primer vicepresidente iran\u00ed, Muhammad Mokhber, sostuvieron este jueves una reuni\u00f3n en Teher\u00e1n, y abordaron las v\u00edas para fortalecer las relaciones bilaterales entre ambas naciones.<\/p>\n<p style=\"text-align: justify;\">&#8220;Teher\u00e1n aspira a profundizar las relaciones econ\u00f3micas con Damasco, especialmente despu\u00e9s de la reciente visita del presidente Bashar al-Assad a Ir\u00e1n, que constituy\u00f3 un punto de partida para avanzar y fortalecer la cooperaci\u00f3n econ\u00f3mica entre ambos pa\u00edses&#8221;, subray\u00f3 Mokhber.<\/p>\n<p style=\"text-align: justify;\">A su vez, el canciller sirio expres\u00f3 el agradecimiento de su pa\u00eds al gobierno iran\u00ed por apoyar a Siria a superar las condiciones dif\u00edciles generadas por la guerra y el bloqueo.<\/p>\n<p style=\"text-align: justify;\">Siria apoya plenamente a Ir\u00e1n en todas las medidas que toma para levantar las sanciones ilegales impuestas por Estados Unidos en su contra y para reactivar el acuerdo nuclear de manera que garantice los intereses y derechos del pueblo iran\u00ed, dijo Mekdad.<\/p>\n<p style=\"text-align: justify;\">Asimismo, el ministro al-Mekdad examin\u00f3 con el asesor del L\u00edder de la Revoluci\u00f3n Isl\u00e1mica de Ir\u00e1n para Asuntos Internacionales, Ali Akbar Velayati, las relaciones bilaterales y una serie de temas regionales e internacionales de inter\u00e9s com\u00fan.<\/p>\n<p style=\"text-align: justify;\">Al-Mekdad valor\u00f3 altamente las posiciones de la Rep\u00fablica Isl\u00e1mica de Ir\u00e1n y su liderazgo en apoyo a Siria.<\/p>\n<p style=\"text-align: justify;\">Elogi\u00f3 los esfuerzos conjuntos de los dos pa\u00edses para enfrentar el terrorismo, la ocupaci\u00f3n turca y la injerencia ilegal de Estados Unidos en los territorios sirios.<\/p>\n<p style=\"text-align: justify;\">Por su parte, Velayati afirm\u00f3 que Siria es el eje m\u00e1s importante de resistencia y de defensa de las causas justas en la regi\u00f3n y el mundo<\/p>\n<p style=\"text-align: justify;\"><strong>ws\/ed\/fm<\/strong><\/p>\n","protected":false},"excerpt":{"rendered":"<p>Teher\u00e1n, 21 jul (SANA) El ministro de Exteriores y Expatriados, Faisal al-Mekdad, y el primer vicepresidente iran\u00ed, Muhammad Mokhber, sostuvieron este jueves una reuni\u00f3n en Teher\u00e1n, y abordaron las v\u00edas para fortalecer las relaciones bilaterales entre ambas naciones. &#8220;Teher\u00e1n aspira a profundizar las relaciones econ\u00f3micas con Damasco, especialmente despu\u00e9s de la reciente visita del presidente &hellip;<\/p>\n","protected":false},"author":35,"featured_media":244480,"comment_status":"closed","ping_status":"closed","sticky":false,"template":"","format":"standard","meta":{"footnotes":""},"categories":[597,467,7541],"tags":[],"class_list":["post-244479","post","type-post","status-publish","format-standard","has-post-thumbnail","","category-cinta-de-noticias","category-siria-y-el-mundo","category-ultimas-noticias"],"_links":{"self":[{"href":"https:\/\/archive.sana.sy\/es\/index.php?rest_route=\/wp\/v2\/posts\/244479"}],"collection":[{"href":"https:\/\/archive.sana.sy\/es\/index.php?rest_route=\/wp\/v2\/posts"}],"about":[{"href":"https:\/\/archive.sana.sy\/es\/index.php?rest_route=\/wp\/v2\/types\/post"}],"author":[{"embeddable":true,"href":"https:\/\/archive.sana.sy\/es\/index.php?rest_route=\/wp\/v2\/users\/35"}],"replies":[{"embeddable":true,"href":"https:\/\/archive.sana.sy\/es\/index.php?rest_route=%2Fwp%2Fv2%2Fcomments&post=244479"}],"version-history":[{"count":0,"href":"https:\/\/archive.sana.sy\/es\/index.php?rest_route=\/wp\/v2\/posts\/244479\/revisions"}],"wp:featuredmedia":[{"embeddable":true,"href":"https:\/\/archive.sana.sy\/es\/index.php?rest_route=\/wp\/v2\/media\/244480"}],"wp:attachment":[{"href":"https:\/\/archive.sana.sy\/es\/index.php?rest_route=%2Fwp%2Fv2%2Fmedia&parent=244479"}],"wp:term":[{"taxonomy":"category","embeddable":true,"href":"https:\/\/archive.sana.sy\/es\/index.php?rest_route=%2Fwp%2Fv2%2Fcategories&post=244479"},{"taxonomy":"post_tag","embeddable":true,"href":"https:\/\/archive.sana.sy\/es\/index.php?rest_route=%2Fwp%2Fv2%2Ftags&post=244479"}],"curies":[{"name":"wp","href":"https:\/\/api.w.org\/{rel}","templated":true}]}}