{"id":24450,"date":"2015-06-03T18:11:40","date_gmt":"2015-06-03T15:11:40","guid":{"rendered":"http:\/\/sana.sy\/es\/?p=24450"},"modified":"2023-01-09T14:10:05","modified_gmt":"2023-01-09T12:10:05","slug":"al-hanous-los-terroristas-privan-23-comunidades-en-deraa-del-agua-potable","status":"publish","type":"post","link":"https:\/\/archive.sana.sy\/es\/?p=24450","title":{"rendered":"Al-Hanous: los terroristas privan 23 comunidades en Deraa del agua potable"},"content":{"rendered":"<p><span style=\"color: #800000\">Deraa, SANA<\/span><\/p>\n<p>El gobernador de Deraa, Mohamad Khaled al-Hanous denunci\u00f3 que los ataques terroristas contra las fuentes h\u00eddricas y las l\u00edneas de transmisi\u00f3n de energ\u00eda el\u00e9ctrica en la zona oeste de Deraa privan alrededor de 23 comunidades del agua potable.<\/p>\n<p>Al reunirse con una delegaci\u00f3n del Programa Mundial de Alimentos (PMA) y el UNICEF, al-Hanous aludi\u00f3 al papel de las organizaciones internacionales en apoyar los sectores de salud y la acci\u00f3n de auxilio en la provincia sure\u00f1a de Deraa.<\/p>\n<p>Asimismo destac\u00f3 que las zonas norte y este sufren de una \u201cverdadera sed\u201d, lo que impuls\u00f3 la Gobernaci\u00f3n de Deraa a desempe\u00f1ar \u201cenormes esfuerzos\u201d para hacer llegar el agua a las comunidades residenciales.<\/p>\n<p>En este contexto, revel\u00f3 que se elabor\u00f3 un plan alternativo para garantizar el agua potable a los habitantes de la ciudad de Deraa, mediante la perforaci\u00f3n de 30 pozos.<\/p>\n<p>El Gobernador de Deraa hizo una panor\u00e1mica sobre los da\u00f1os que sufren las escuelas y el desplazamiento de los vecinos de la provincia debido a las acciones terroristas.<\/p>\n<p>Los representantes del PMA y el UNICEF manifestaron la disposici\u00f3n de sus organizaciones para apoyar la provincia sure\u00f1a.<\/p>\n<p>En este sentido, el representante del PMA, Issam Ismael aludi\u00f3 a la existencia de un plan para suministrar la provincia con canastas alimenticias, mientras que el funcionario del UNICEF, Atef Dib resalt\u00f3 que su organizaci\u00f3n tiene previsto rehabilitar 30 escuelas en Deraa, adem\u00e1s de brindar servicios de agua y saneamiento.<\/p>\n<p>Lynn A.<\/p>\n","protected":false},"excerpt":{"rendered":"<p>Deraa, SANA El gobernador de Deraa, Mohamad Khaled al-Hanous denunci\u00f3 que los ataques terroristas contra las fuentes h\u00eddricas y las l\u00edneas de transmisi\u00f3n de energ\u00eda el\u00e9ctrica en la zona oeste de Deraa privan alrededor de 23 comunidades del agua potable. Al reunirse con una delegaci\u00f3n del Programa Mundial de Alimentos (PMA) y el UNICEF, al-Hanous &hellip;<\/p>\n","protected":false},"author":24,"featured_media":24452,"comment_status":"closed","ping_status":"closed","sticky":false,"template":"","format":"standard","meta":{"footnotes":""},"categories":[477,476],"tags":[5512],"class_list":["post-24450","post","type-post","status-publish","format-standard","has-post-thumbnail","","category-noticias-edulcorantes","category-locales","tag-al-hanous-los-terroristas-privan-23-comunidades-en-deraa-del-agua-potable"],"_links":{"self":[{"href":"https:\/\/archive.sana.sy\/es\/index.php?rest_route=\/wp\/v2\/posts\/24450"}],"collection":[{"href":"https:\/\/archive.sana.sy\/es\/index.php?rest_route=\/wp\/v2\/posts"}],"about":[{"href":"https:\/\/archive.sana.sy\/es\/index.php?rest_route=\/wp\/v2\/types\/post"}],"author":[{"embeddable":true,"href":"https:\/\/archive.sana.sy\/es\/index.php?rest_route=\/wp\/v2\/users\/24"}],"replies":[{"embeddable":true,"href":"https:\/\/archive.sana.sy\/es\/index.php?rest_route=%2Fwp%2Fv2%2Fcomments&post=24450"}],"version-history":[{"count":0,"href":"https:\/\/archive.sana.sy\/es\/index.php?rest_route=\/wp\/v2\/posts\/24450\/revisions"}],"wp:featuredmedia":[{"embeddable":true,"href":"https:\/\/archive.sana.sy\/es\/index.php?rest_route=\/wp\/v2\/media\/24452"}],"wp:attachment":[{"href":"https:\/\/archive.sana.sy\/es\/index.php?rest_route=%2Fwp%2Fv2%2Fmedia&parent=24450"}],"wp:term":[{"taxonomy":"category","embeddable":true,"href":"https:\/\/archive.sana.sy\/es\/index.php?rest_route=%2Fwp%2Fv2%2Fcategories&post=24450"},{"taxonomy":"post_tag","embeddable":true,"href":"https:\/\/archive.sana.sy\/es\/index.php?rest_route=%2Fwp%2Fv2%2Ftags&post=24450"}],"curies":[{"name":"wp","href":"https:\/\/api.w.org\/{rel}","templated":true}]}}