{"id":244526,"date":"2022-07-21T16:27:14","date_gmt":"2022-07-21T13:27:14","guid":{"rendered":"http:\/\/107.6.182.27\/es\/?p=244526"},"modified":"2023-01-10T15:55:53","modified_gmt":"2023-01-10T13:55:53","slug":"tratamiento-contra-alzheimer-y-parkinson-exito-de-cuba-para-el-mundo","status":"publish","type":"post","link":"https:\/\/archive.sana.sy\/es\/?p=244526","title":{"rendered":"Tratamiento contra Alzheimer y Parkinson&#8230;\u00c9xito de Cuba para el mundo\u00a0"},"content":{"rendered":"<blockquote>\n<p style=\"text-align: justify;\"><span style=\"color: #ff0000;\"><strong>\u00a1Qu\u00e9 hubiera sido de la Mayor de las Antillas si no hubiera desarrollado sus propios vacunales anticovid hasta ser el \u00fanico pa\u00eds en haber logrado la inmunizaci\u00f3n universal, es decir el 100 por ciento de su poblaci\u00f3n!<\/strong><\/span><\/p>\n<p style=\"text-align: justify;\"><span style=\"color: #ff0000;\"><strong>Los tratamientos exitosos contra el Alzheimer y Parkinson y otras enfermedades neurodegenerativas, as\u00ed como el desarrollo de vacunales anticovid son \u00e9xitos de Cuba al mundo.<\/strong><\/span><\/p>\n<\/blockquote>\n<p style=\"text-align: justify;\"><span style=\"color: #800000;\"><strong>Damasco, 21 jul (SANA)<\/strong>\u00a0 \u00a0<\/span>Cuba sigue a la vanguardia en el desarrollo de tratamientos m\u00e9dicos en favor de la humanidad, sobre todo en padecimientos hasta ahora insolubles como el Alzheimer y el Parkinson.<\/p>\n<p style=\"text-align: justify;\">Adem\u00e1s est\u00e1 dispuesta a traspasar sus tecnolog\u00edas a otras naciones sin \u00e1nimo de lucro como siempre ha sido la divisa de la Revoluci\u00f3n cubana.<\/p>\n<p style=\"text-align: justify;\">En entrevista a H\u00e9ctor Vera Cuesta, director del Centro Internacional de Restauraci\u00f3n Neurol\u00f3gica (Ciren), realizada durante su visita a M\u00e9xico por las colegas del diario la Jornada, Carolina G\u00f3mez y Laura Poy, el cient\u00edfico inform\u00f3 del superior desarrollo de nuevas tecnolog\u00edas en el tratamiento de enfermedades neurodegenerativas para el Alzheimer y el mal de Parkinson, entre otras.<\/p>\n<p style=\"text-align: justify;\">Explica que a partir de una mol\u00e9cula descubierta por los cient\u00edficos cubanos del Ciren, y el avance que representa la sustancia NeuroEPO, se evita que las neuronas contin\u00faen el proceso de degeneraci\u00f3n y se logra que mejore la calidad de vida de los pacientes.<\/p>\n<p style=\"text-align: justify;\">\u201cEl mecanismo de la mol\u00e9cula es neuro protector y, explica, as\u00ed evita que las neuronas se sigan degenerando hasta morir. Nuestro tratamiento lo que hace es prolongar un poco m\u00e1s la vida de estas c\u00e9lulas del sistema nervioso, por lo que los s\u00edntomas son m\u00e1s espaciados, no tiene la enfermedad una evoluci\u00f3n tan r\u00e1pida\u201d. El neur\u00f3logo cubano, experto en gen\u00e9tica m\u00e9dica, agrega que los resultados en pacientes con Parkinson y Alzheimer han sido \u201cespectaculares\u201d.<\/p>\n<p>El estudio comenz\u00f3 en enfermos con Parkinson y detectaron que dicha sustancia mejor\u00f3 su condici\u00f3n motora, pero mucho m\u00e1s la parte cognitiva.<\/p>\n<p style=\"text-align: justify;\">Asimismo, dijo que es una de las mol\u00e9culas \u201cque va a dar de qu\u00e9 hablar en el mundo. Recientemente publicamos un art\u00edculo conjunto con el Centro de Neurociencias de Cuba, el cual confirma, con un an\u00e1lisis estad\u00edstico bien desarrollado, que es efectiva. No hay duda\u201d.<\/p>\n<p style=\"text-align: justify;\">Desde luego saludamos entusiasmados esos nuevos descubrimientos descritos aqu\u00ed en M\u00e9xico por el cient\u00edfico cubano.<\/p>\n<p style=\"text-align: justify;\">Sin embargo, no nos sorprenden, el propio criminal embargo econ\u00f3mico que en forma unilateral impone Estados Unidos a Cuba desde hace 61 a\u00f1os, agudiza el ingenio de los cient\u00edficos cubanos.<\/p>\n<p style=\"text-align: justify;\">\u00a1Qu\u00e9 hubiera sido de la Mayor de las Antillas si no hubiera desarrollado sus propios vacunales anticovid hasta ser el \u00fanico pa\u00eds en haber logrado la inmunizaci\u00f3n universal, es decir el 100 por ciento de su poblaci\u00f3n!<\/p>\n<p style=\"text-align: justify;\">A ello es de agregarse el testimonio de decenas de colegas y familiares, que nos consta, que al igual que otras personas de otras nacionalidades han viajado a Cuba a lo largo de los a\u00f1os para atenderse de padecimientos en los que no existe soluci\u00f3n de cura m\u00e1s que en la isla.<\/p>\n<p style=\"text-align: justify;\">Vera Cuesta agrega que Cuba est\u00e1 dispuesta a que pronto la NeuroEPO pueda ser comercializada.<\/p>\n<p style=\"text-align: justify;\">\u201cQueremos hacer una fase IV del estudio cl\u00ednico, porque toda mol\u00e9cula nueva tiene un proceso de investigaci\u00f3n riguroso. En esta etapa la queremos aplicar de forma masiva\u201d. \u201cNo tiene efectos secundarios. Es muy inocua y f\u00e1cil de administrar, porque es por v\u00eda nasal, donde se administran por goteo\u201d.<\/p>\n<p style=\"text-align: justify;\">Hace 33 a\u00f1os el Comandante Fidel Castro cre\u00f3 el Ciren sin fines de lucro y para el desarrollo de las neurociencias, en \u00e9l aplican un programa \u00fanico en el mundo. Re\u00fane a 11 especialidades en funci\u00f3n de un paciente.<\/p>\n<p style=\"text-align: justify;\">El centro tambi\u00e9n ha desarrollado innovaciones tecnol\u00f3gicas y terap\u00e9uticas para la regeneraci\u00f3n neuronal, lo que incluye atenci\u00f3n a pacientes con epilepsia, trastornos del sue\u00f1o, adicciones, como tabaquismo, y recientemente para las secuelas post Covid.<\/p>\n<p style=\"text-align: justify;\">A causa de la pandemia de Covid-19, el Ciren desarroll\u00f3 un innovador programa de atenci\u00f3n integral a personas con secuelas generadas por el virus, como cefaleas intensas, trastornos del sue\u00f1o, p\u00e9rdida de memoria de corto plazo, fatigas cr\u00f3nicas y dolores neurop\u00e1ticos ocasionado por da\u00f1o al sistema nervioso, entre otros.<\/p>\n<p style=\"text-align: justify;\">El Centro ha realizado durante tres d\u00e9cadas programas de restauraci\u00f3n neurol\u00f3gica encaminados a atender las secuelas de enfermedades que afectan el sistema nervioso y no cost\u00f3 mucho trabajo adaptarse a la atenci\u00f3n post Covid.<\/p>\n<p style=\"text-align: justify;\">Los tratamientos exitosos contra el Alzheimer y Parkinson y otras enfermedades neurodegenerativas, as\u00ed como el desarrollo de vacunales anticovid son \u00e9xitos de Cuba al mundo.<\/p>\n<p style=\"text-align: justify;\">Fuente: Prensa Latina<\/p>\n","protected":false},"excerpt":{"rendered":"<p>\u00a1Qu\u00e9 hubiera sido de la Mayor de las Antillas si no hubiera desarrollado sus propios vacunales anticovid hasta ser el \u00fanico pa\u00eds en haber logrado la inmunizaci\u00f3n universal, es decir el 100 por ciento de su poblaci\u00f3n! Los tratamientos exitosos contra el Alzheimer y Parkinson y otras enfermedades neurodegenerativas, as\u00ed como el desarrollo de vacunales &hellip;<\/p>\n","protected":false},"author":39,"featured_media":244527,"comment_status":"closed","ping_status":"closed","sticky":false,"template":"","format":"standard","meta":{"footnotes":""},"categories":[597,456,7541],"tags":[],"class_list":["post-244526","post","type-post","status-publish","format-standard","has-post-thumbnail","","category-cinta-de-noticias","category-arabe-internacional-politica","category-ultimas-noticias"],"_links":{"self":[{"href":"https:\/\/archive.sana.sy\/es\/index.php?rest_route=\/wp\/v2\/posts\/244526"}],"collection":[{"href":"https:\/\/archive.sana.sy\/es\/index.php?rest_route=\/wp\/v2\/posts"}],"about":[{"href":"https:\/\/archive.sana.sy\/es\/index.php?rest_route=\/wp\/v2\/types\/post"}],"author":[{"embeddable":true,"href":"https:\/\/archive.sana.sy\/es\/index.php?rest_route=\/wp\/v2\/users\/39"}],"replies":[{"embeddable":true,"href":"https:\/\/archive.sana.sy\/es\/index.php?rest_route=%2Fwp%2Fv2%2Fcomments&post=244526"}],"version-history":[{"count":0,"href":"https:\/\/archive.sana.sy\/es\/index.php?rest_route=\/wp\/v2\/posts\/244526\/revisions"}],"wp:featuredmedia":[{"embeddable":true,"href":"https:\/\/archive.sana.sy\/es\/index.php?rest_route=\/wp\/v2\/media\/244527"}],"wp:attachment":[{"href":"https:\/\/archive.sana.sy\/es\/index.php?rest_route=%2Fwp%2Fv2%2Fmedia&parent=244526"}],"wp:term":[{"taxonomy":"category","embeddable":true,"href":"https:\/\/archive.sana.sy\/es\/index.php?rest_route=%2Fwp%2Fv2%2Fcategories&post=244526"},{"taxonomy":"post_tag","embeddable":true,"href":"https:\/\/archive.sana.sy\/es\/index.php?rest_route=%2Fwp%2Fv2%2Ftags&post=244526"}],"curies":[{"name":"wp","href":"https:\/\/api.w.org\/{rel}","templated":true}]}}