{"id":244595,"date":"2022-07-21T21:10:11","date_gmt":"2022-07-21T18:10:11","guid":{"rendered":"http:\/\/107.6.182.27\/es\/?p=244595"},"modified":"2022-07-21T22:19:49","modified_gmt":"2022-07-21T19:19:49","slug":"la-ocupacion-estadounidense-saca-156-vehiculos-de-sus-bases-en-hasakeh-hacia-irak","status":"publish","type":"post","link":"https:\/\/archive.sana.sy\/es\/?p=244595","title":{"rendered":"El ocupante estadounidense saca 156 veh\u00edculos de sus bases en Hasakeh hacia Iraq"},"content":{"rendered":"<blockquote>\n<p style=\"text-align: justify;\"><span style=\"color: #800000;\"><strong>El convoy est\u00e1 compuesto por 156 veh\u00edculos, incluidos 40 frigor\u00edficos y m\u00e1s de 50 rastras cargadas de pertrechos militares, contenedores, ca\u00f1ones, veh\u00edculos Hummer desarticulados y mega aparatos cubiertos con tela de carpas.<\/strong><\/span><\/p>\n<\/blockquote>\n<p style=\"text-align: justify;\"><span style=\"color: #800000;\"><strong>Hasakeh, 21 jul (SANA) <\/strong><\/span>Las tropas de ocupaci\u00f3n estadounidenses sacaron un convoy militar desde su base ilegal en el aeropuerto de Kharab Al-Gir en la provincia nororiental siria de Hasakeh hacia el norte de Iraq, a trav\u00e9s del paso fronterizo ilegal de al-Walid.<\/p>\n<p style=\"text-align: justify;\">Activistas locales del \u00e1rea de Remelan informaron a la reportera de SANA que el convoy est\u00e1 compuesto por 156 veh\u00edculos, incluidos 40 frigor\u00edficos y m\u00e1s de 50 rastras cargadas de pertrechos militares, contenedores, ca\u00f1ones, veh\u00edculos Hummer desarticulados y mega aparatos cubiertos con tela de carpas.<\/p>\n<p style=\"text-align: justify;\">La caravana estaba acompa\u00f1ada por 25 blindados de las tropas de ocupaci\u00f3n\u201d, agregaron.<\/p>\n<p style=\"text-align: justify;\">Las fuentes aclararon que las fuerzas de ocupaci\u00f3n trasladan las armas y los veh\u00edculos defectuosos a sus bases principales en Irak para reemplazarlos por otros nuevos, y que los camiones cargados de contenedores salen y entran a los territorios sirios por los cruces ilegales cargados de alimentos, medicinas y otros materiales log\u00edsticos para apoyar a los soldados de ocupaci\u00f3n en la regi\u00f3n.<\/p>\n<p style=\"text-align: justify;\">rsh\/sm\/fm<\/p>\n","protected":false},"excerpt":{"rendered":"<p>El convoy est\u00e1 compuesto por 156 veh\u00edculos, incluidos 40 frigor\u00edficos y m\u00e1s de 50 rastras cargadas de pertrechos militares, contenedores, ca\u00f1ones, veh\u00edculos Hummer desarticulados y mega aparatos cubiertos con tela de carpas. Hasakeh, 21 jul (SANA) Las tropas de ocupaci\u00f3n estadounidenses sacaron un convoy militar desde su base ilegal en el aeropuerto de Kharab Al-Gir &hellip;<\/p>\n","protected":false},"author":39,"featured_media":244596,"comment_status":"closed","ping_status":"closed","sticky":false,"template":"","format":"standard","meta":{"footnotes":""},"categories":[477,597,573,476,7541],"tags":[],"class_list":["post-244595","post","type-post","status-publish","format-standard","has-post-thumbnail","","category-noticias-edulcorantes","category-cinta-de-noticias","category-la-realidad-de-los-acontecimientos-en-siria","category-locales","category-ultimas-noticias"],"_links":{"self":[{"href":"https:\/\/archive.sana.sy\/es\/index.php?rest_route=\/wp\/v2\/posts\/244595"}],"collection":[{"href":"https:\/\/archive.sana.sy\/es\/index.php?rest_route=\/wp\/v2\/posts"}],"about":[{"href":"https:\/\/archive.sana.sy\/es\/index.php?rest_route=\/wp\/v2\/types\/post"}],"author":[{"embeddable":true,"href":"https:\/\/archive.sana.sy\/es\/index.php?rest_route=\/wp\/v2\/users\/39"}],"replies":[{"embeddable":true,"href":"https:\/\/archive.sana.sy\/es\/index.php?rest_route=%2Fwp%2Fv2%2Fcomments&post=244595"}],"version-history":[{"count":0,"href":"https:\/\/archive.sana.sy\/es\/index.php?rest_route=\/wp\/v2\/posts\/244595\/revisions"}],"wp:featuredmedia":[{"embeddable":true,"href":"https:\/\/archive.sana.sy\/es\/index.php?rest_route=\/wp\/v2\/media\/244596"}],"wp:attachment":[{"href":"https:\/\/archive.sana.sy\/es\/index.php?rest_route=%2Fwp%2Fv2%2Fmedia&parent=244595"}],"wp:term":[{"taxonomy":"category","embeddable":true,"href":"https:\/\/archive.sana.sy\/es\/index.php?rest_route=%2Fwp%2Fv2%2Fcategories&post=244595"},{"taxonomy":"post_tag","embeddable":true,"href":"https:\/\/archive.sana.sy\/es\/index.php?rest_route=%2Fwp%2Fv2%2Ftags&post=244595"}],"curies":[{"name":"wp","href":"https:\/\/api.w.org\/{rel}","templated":true}]}}