{"id":24463,"date":"2015-06-03T21:00:38","date_gmt":"2015-06-03T18:00:38","guid":{"rendered":"http:\/\/sana.sy\/es\/?p=24463"},"modified":"2015-06-03T21:00:38","modified_gmt":"2015-06-03T18:00:38","slug":"el-diario-yurta-erdogan-fundo-un-partido-politico-secreto-de-la-oposicion-siria","status":"publish","type":"post","link":"https:\/\/archive.sana.sy\/es\/?p=24463","title":{"rendered":"El diario &#8220;Yurta&#8221; Erdogan fund\u00f3 un partido pol\u00edtico secreto de la &#8220;oposici\u00f3n siria&#8221;"},"content":{"rendered":"<p><span style=\"color: #800000\">Ankara-SANA<\/span><\/p>\n<p style=\"text-align: justify\">El diario turco &#8220;Yurta&#8221; inform\u00f3 que el presidente turco Recep Tayyip Erdogan, durante su mandato como primer ministro del gobierno del AKP, fund\u00f3 un partido pol\u00edtico secreto bajo el nombre &#8220;oposici\u00f3n siria&#8221; en el marco de ley de los partidos pol\u00edticos turcos.<\/p>\n<p style=\"text-align: justify\">Seg\u00fan el corresponsal del diario turco antes mencionado en Washington Polat Yilmaz,\u201d el partido sin notificar a la comunidad turca se estableci\u00f3 en los Estados Unidos hace tres a\u00f1os\u201d.<\/p>\n<p style=\"text-align: justify\">Su fundaci\u00f3n se confirma por los documentos presentados ante el Departamento de Justicia de 13 de noviembre 2013 de Estados Unidos; donde una solicitud de registro de un partido pol\u00edtico se ha presentado por Mohamamd Zaher Badran, en que contiene una inscripci\u00f3n falsa de dos domicilios en Estambul y Damasco.<\/p>\n<p style=\"text-align: justify\">Seg\u00fan el corresponsal, este partido no aparece en el directorio de las organizaciones pol\u00edticas turcas, por lo que el misterio rodea la causa de su fundaci\u00f3n.<\/p>\n<p style=\"text-align: justify\">Dichas informaciones recientes confirman el papel de Erdogan y su r\u00e9gimen en la formaci\u00f3n de partidos pol\u00edticos y movimientos bajo el pretexto de la llamada &#8220;oposici\u00f3n&#8221;, y a\u00f1aden otra evidencia a la lista de sus actividades criminales para apoyar, financiar y armar a grupos extremistas que aterrorizan al pueblo sirio.<\/p>\n<p style=\"text-align: justify\">M.Miri, Riad.Sh<\/p>\n","protected":false},"excerpt":{"rendered":"<p>Ankara-SANA El diario turco &#8220;Yurta&#8221; inform\u00f3 que el presidente turco Recep Tayyip Erdogan, durante su mandato como primer ministro del gobierno del AKP, fund\u00f3 un partido pol\u00edtico secreto bajo el nombre &#8220;oposici\u00f3n siria&#8221; en el marco de ley de los partidos pol\u00edticos turcos. Seg\u00fan el corresponsal del diario turco antes mencionado en Washington Polat Yilmaz,\u201d &hellip;<\/p>\n","protected":false},"author":1,"featured_media":24464,"comment_status":"closed","ping_status":"closed","sticky":false,"template":"","format":"standard","meta":{"footnotes":""},"categories":[555],"tags":[5515],"class_list":["post-24463","post","type-post","status-publish","format-standard","has-post-thumbnail","","category-prensa","tag-el-diario-yurta-erdogan-fundo-un-partido-politico-secreto-de-la-oposicion-siria"],"_links":{"self":[{"href":"https:\/\/archive.sana.sy\/es\/index.php?rest_route=\/wp\/v2\/posts\/24463"}],"collection":[{"href":"https:\/\/archive.sana.sy\/es\/index.php?rest_route=\/wp\/v2\/posts"}],"about":[{"href":"https:\/\/archive.sana.sy\/es\/index.php?rest_route=\/wp\/v2\/types\/post"}],"author":[{"embeddable":true,"href":"https:\/\/archive.sana.sy\/es\/index.php?rest_route=\/wp\/v2\/users\/1"}],"replies":[{"embeddable":true,"href":"https:\/\/archive.sana.sy\/es\/index.php?rest_route=%2Fwp%2Fv2%2Fcomments&post=24463"}],"version-history":[{"count":0,"href":"https:\/\/archive.sana.sy\/es\/index.php?rest_route=\/wp\/v2\/posts\/24463\/revisions"}],"wp:featuredmedia":[{"embeddable":true,"href":"https:\/\/archive.sana.sy\/es\/index.php?rest_route=\/wp\/v2\/media\/24464"}],"wp:attachment":[{"href":"https:\/\/archive.sana.sy\/es\/index.php?rest_route=%2Fwp%2Fv2%2Fmedia&parent=24463"}],"wp:term":[{"taxonomy":"category","embeddable":true,"href":"https:\/\/archive.sana.sy\/es\/index.php?rest_route=%2Fwp%2Fv2%2Fcategories&post=24463"},{"taxonomy":"post_tag","embeddable":true,"href":"https:\/\/archive.sana.sy\/es\/index.php?rest_route=%2Fwp%2Fv2%2Ftags&post=24463"}],"curies":[{"name":"wp","href":"https:\/\/api.w.org\/{rel}","templated":true}]}}