{"id":24466,"date":"2015-06-03T22:56:20","date_gmt":"2015-06-03T19:56:20","guid":{"rendered":"http:\/\/sana.sy\/es\/?p=24466"},"modified":"2015-06-03T23:01:41","modified_gmt":"2015-06-03T20:01:41","slug":"al-mikdad-siria-vencera-pronto-a-sus-enemigos","status":"publish","type":"post","link":"https:\/\/archive.sana.sy\/es\/?p=24466","title":{"rendered":"Al-Mikdad: Siria vencer\u00e1 pronto a sus enemigos"},"content":{"rendered":"<p><span style=\"color: #800000\">Damasco-SANA<\/span><\/p>\n<p style=\"text-align: justify\">El viceministro de Asuntos Exteriores y Expatriados, Dr. Faisal al-Mikdad, confirm\u00f3 el mi\u00e9rcoles que Siria derrotar\u00e1 a todos sus enemigos.<\/p>\n<p style=\"text-align: justify\">Al-Mikdad y durante la recepci\u00f3n de los embajadores \u00e1rabes en Damasco, organizada por el Centro \u00c1rabe para el Estudio de las Zonas \u00c1ridas y las Tierras de Sequ\u00eda (ACSAD), cit\u00f3 la importancia de desarrollar el sector agr\u00edcola, y apreci\u00f3 los esfuerzos del centro (ACSAD) en los pa\u00edses \u00e1rabes a trav\u00e9s de la invenci\u00f3n de nuevas variedades de trigo y otros cultivos.<\/p>\n<p style=\"text-align: justify\">Por su parte, el director de (ACSAD) Rafiq Ali Saleh, afirm\u00f3 que el centro trata de ampliar la cooperaci\u00f3n en la realizaci\u00f3n de programas de investigaci\u00f3n en todos los pa\u00edses \u00e1rabes, en particular en las zonas de sequ\u00eda o de Semi-sequ\u00eda, destacando el papel de Siria en apoyar las actividades del centro.<\/p>\n<p style=\"text-align: justify\">El embajador de Argelia en Damasco Saleh Bosha, matiz\u00f3 la importancia de los proyectos de (ACSAD) en la lucha contra la sequ\u00eda y desarrollar el sector de la agricultura en el mundo \u00e1rabe, expresando al mismo tiempo el apoyo de su pa\u00eds a Siria en su guerra contra el terrorismo.<\/p>\n<p style=\"text-align: justify\">M.Miri, Riad.Sh<\/p>\n","protected":false},"excerpt":{"rendered":"<p>Damasco-SANA El viceministro de Asuntos Exteriores y Expatriados, Dr. Faisal al-Mikdad, confirm\u00f3 el mi\u00e9rcoles que Siria derrotar\u00e1 a todos sus enemigos. Al-Mikdad y durante la recepci\u00f3n de los embajadores \u00e1rabes en Damasco, organizada por el Centro \u00c1rabe para el Estudio de las Zonas \u00c1ridas y las Tierras de Sequ\u00eda (ACSAD), cit\u00f3 la importancia de desarrollar &hellip;<\/p>\n","protected":false},"author":1,"featured_media":24467,"comment_status":"closed","ping_status":"closed","sticky":false,"template":"","format":"standard","meta":{"footnotes":""},"categories":[456,457,576],"tags":[5516],"class_list":["post-24466","post","type-post","status-publish","format-standard","has-post-thumbnail","","category-arabe-internacional-politica","category-noticias-arabe-internacional-politica","category-noticias-politicas","tag-al-mikdad-siria-vencera-pronto-a-sus-enemigos"],"_links":{"self":[{"href":"https:\/\/archive.sana.sy\/es\/index.php?rest_route=\/wp\/v2\/posts\/24466"}],"collection":[{"href":"https:\/\/archive.sana.sy\/es\/index.php?rest_route=\/wp\/v2\/posts"}],"about":[{"href":"https:\/\/archive.sana.sy\/es\/index.php?rest_route=\/wp\/v2\/types\/post"}],"author":[{"embeddable":true,"href":"https:\/\/archive.sana.sy\/es\/index.php?rest_route=\/wp\/v2\/users\/1"}],"replies":[{"embeddable":true,"href":"https:\/\/archive.sana.sy\/es\/index.php?rest_route=%2Fwp%2Fv2%2Fcomments&post=24466"}],"version-history":[{"count":0,"href":"https:\/\/archive.sana.sy\/es\/index.php?rest_route=\/wp\/v2\/posts\/24466\/revisions"}],"wp:featuredmedia":[{"embeddable":true,"href":"https:\/\/archive.sana.sy\/es\/index.php?rest_route=\/wp\/v2\/media\/24467"}],"wp:attachment":[{"href":"https:\/\/archive.sana.sy\/es\/index.php?rest_route=%2Fwp%2Fv2%2Fmedia&parent=24466"}],"wp:term":[{"taxonomy":"category","embeddable":true,"href":"https:\/\/archive.sana.sy\/es\/index.php?rest_route=%2Fwp%2Fv2%2Fcategories&post=24466"},{"taxonomy":"post_tag","embeddable":true,"href":"https:\/\/archive.sana.sy\/es\/index.php?rest_route=%2Fwp%2Fv2%2Ftags&post=24466"}],"curies":[{"name":"wp","href":"https:\/\/api.w.org\/{rel}","templated":true}]}}