{"id":24472,"date":"2015-06-03T21:13:56","date_gmt":"2015-06-03T18:13:56","guid":{"rendered":"http:\/\/sana.sy\/es\/?p=24472"},"modified":"2015-06-04T18:57:54","modified_gmt":"2015-06-04T15:57:54","slug":"el-ministro-de-defensa-inspecciona-las-unidades-militares-en-homs","status":"publish","type":"post","link":"https:\/\/archive.sana.sy\/es\/?p=24472","title":{"rendered":"El Ministro de Defensa inspecciona las unidades militares en Homs"},"content":{"rendered":"<p><span style=\"color: #800000\">Damasco-SANA<\/span><\/p>\n<p style=\"text-align: justify\">El ministro de Defensa, Fahed Jassem al-Freij, y bajo las directrices del presidente Bashar Al-Assad, lleg\u00f3 este mi\u00e9rcoles acompa\u00f1ado de mandos militares de alto rango de la Comandancia General al campo\u00a0oriental de la provincia de Homs, para inspeccionar las unidades militares en la zona, y estar al tanto de la situaci\u00f3n de los soldados y del frente de combate.<\/p>\n<p style=\"text-align: justify\">El general al-Freij elogi\u00f3 la alta moral de los soldados, asegurando que Siria est\u00e1 marchando con firmes pasos hacia la victoria, sin hacer caso a los rumores y la guerra psicol\u00f3gica librada en su contra, gracias a la unidad de su pueblo, los sacrificios del ej\u00e9rcito y la cordura de su liderazgo.<\/p>\n<p style=\"text-align: justify\">El titular de Defensa expres\u00f3 el orgullo del pueblo y el liderazgo militar de Siria por los sacrificios y las heroicidades presentados por los soldados en su batalla contra la agresi\u00f3n terrorista que enfrenta el pa\u00eds.<\/p>\n<p style=\"text-align: justify\">Al concluir su gira, el Ministro de Defensa exigi\u00f3 a los mandos militares que sigan cumpliendo su misi\u00f3n patri\u00f3tica de aniquilar el terrorismo hasta restablecer la seguridad y la paz en todo el territorio sirio.<\/p>\n<p>M.Miri<\/p>\n","protected":false},"excerpt":{"rendered":"<p>Damasco-SANA El ministro de Defensa, Fahed Jassem al-Freij, y bajo las directrices del presidente Bashar Al-Assad, lleg\u00f3 este mi\u00e9rcoles acompa\u00f1ado de mandos militares de alto rango de la Comandancia General al campo\u00a0oriental de la provincia de Homs, para inspeccionar las unidades militares en la zona, y estar al tanto de la situaci\u00f3n de los soldados &hellip;<\/p>\n","protected":false},"author":1,"featured_media":24480,"comment_status":"closed","ping_status":"closed","sticky":false,"template":"","format":"standard","meta":{"footnotes":""},"categories":[477,476],"tags":[5518],"class_list":["post-24472","post","type-post","status-publish","format-standard","has-post-thumbnail","","category-noticias-edulcorantes","category-locales","tag-el-ministro-de-defensa-inspecciona-las-unidades-militares-en-homs"],"_links":{"self":[{"href":"https:\/\/archive.sana.sy\/es\/index.php?rest_route=\/wp\/v2\/posts\/24472"}],"collection":[{"href":"https:\/\/archive.sana.sy\/es\/index.php?rest_route=\/wp\/v2\/posts"}],"about":[{"href":"https:\/\/archive.sana.sy\/es\/index.php?rest_route=\/wp\/v2\/types\/post"}],"author":[{"embeddable":true,"href":"https:\/\/archive.sana.sy\/es\/index.php?rest_route=\/wp\/v2\/users\/1"}],"replies":[{"embeddable":true,"href":"https:\/\/archive.sana.sy\/es\/index.php?rest_route=%2Fwp%2Fv2%2Fcomments&post=24472"}],"version-history":[{"count":0,"href":"https:\/\/archive.sana.sy\/es\/index.php?rest_route=\/wp\/v2\/posts\/24472\/revisions"}],"wp:featuredmedia":[{"embeddable":true,"href":"https:\/\/archive.sana.sy\/es\/index.php?rest_route=\/wp\/v2\/media\/24480"}],"wp:attachment":[{"href":"https:\/\/archive.sana.sy\/es\/index.php?rest_route=%2Fwp%2Fv2%2Fmedia&parent=24472"}],"wp:term":[{"taxonomy":"category","embeddable":true,"href":"https:\/\/archive.sana.sy\/es\/index.php?rest_route=%2Fwp%2Fv2%2Fcategories&post=24472"},{"taxonomy":"post_tag","embeddable":true,"href":"https:\/\/archive.sana.sy\/es\/index.php?rest_route=%2Fwp%2Fv2%2Ftags&post=24472"}],"curies":[{"name":"wp","href":"https:\/\/api.w.org\/{rel}","templated":true}]}}