{"id":24483,"date":"2015-06-03T22:58:34","date_gmt":"2015-06-03T19:58:34","guid":{"rendered":"http:\/\/sana.sy\/es\/?p=24483"},"modified":"2015-06-03T22:58:34","modified_gmt":"2015-06-03T19:58:34","slug":"manuel-valls-al-menos-1-730-franceses-estan-alistados-en-daesh","status":"publish","type":"post","link":"https:\/\/archive.sana.sy\/es\/?p=24483","title":{"rendered":"Manuel Valls: al menos 1.730 franceses est\u00e1n alistados en Daesh"},"content":{"rendered":"<p><span style=\"color: #800000\">Par\u00eds-SANA<\/span><\/p>\n<p style=\"text-align: justify\">Seg\u00fan la Agencia AFP, el primer ministro franc\u00e9s, Manuel Valls reconoci\u00f3 que m\u00e1s de 1.730 ciudadanos franceses se encuentran en las filas de (Daesh) en Siria e Irak, seg\u00fan \u00e9l hasta el momento el Gobierno franc\u00e9s ha podido confirmar que 110 de sus ciudadanos han muerto sirviendo a Daesh.<\/p>\n<p style=\"text-align: justify\">Entre los pa\u00edses europeos Francia se est\u00e1 enfrentando a la peor problem\u00e1tica terrorista por sus muchos ciudadanos que se han sumado a las filas de las organizaciones terroristas.<\/p>\n<p style=\"text-align: justify\">El pasado mes de marzo, el primer ministro de Francia, Manuel Valls, quien afirm\u00f3 que al menos 1400 europeos est\u00e1n alistados en Daesh, advirti\u00f3 que hasta el fin del a\u00f1o en curso dicha cifra podr\u00eda alcanzar los 10.000.<\/p>\n<p style=\"text-align: justify\">Por otra parte, el presidente franc\u00e9s, Fran\u00e7ois Hollande, y el canciller Laurent Fabius no dejan de apoyar los planes de Estados Unidos en la regi\u00f3n, excluyendo la posibilidad de una soluci\u00f3n pol\u00edtica a la crisis siria e insisten en financiar y armar a la llamada &#8220;Oposici\u00f3n siria Moderada&#8221; siendo entrenados en Turqu\u00eda, Jordania y Arabia Saudita, bajo la direcci\u00f3n de diferentes servicios de inteligencias occidentales, incluyendo el &#8220;Mossad&#8221;.<\/p>\n<p style=\"text-align: justify\">Es de se\u00f1alar, que en el mes de febrero, ciudadanos franceses integrantes de Daesh amenazaron directamente a Francia en un v\u00eddeo titulado \u201cUn Mensaje para Francia\u201d y pidieron a sus simpatizantes en el pa\u00eds europeo atacar y llevar a cabo actos terroristas, algo que alarm\u00f3 al gobierno franc\u00e9s y motiv\u00f3 la adopci\u00f3n de fuertes medidas de seguridad.<\/p>\n<p>M.Miri, Riad.Sh<\/p>\n","protected":false},"excerpt":{"rendered":"<p>Par\u00eds-SANA Seg\u00fan la Agencia AFP, el primer ministro franc\u00e9s, Manuel Valls reconoci\u00f3 que m\u00e1s de 1.730 ciudadanos franceses se encuentran en las filas de (Daesh) en Siria e Irak, seg\u00fan \u00e9l hasta el momento el Gobierno franc\u00e9s ha podido confirmar que 110 de sus ciudadanos han muerto sirviendo a Daesh. Entre los pa\u00edses europeos Francia &hellip;<\/p>\n","protected":false},"author":1,"featured_media":24484,"comment_status":"closed","ping_status":"closed","sticky":false,"template":"","format":"standard","meta":{"footnotes":""},"categories":[555],"tags":[5521],"class_list":["post-24483","post","type-post","status-publish","format-standard","has-post-thumbnail","","category-prensa","tag-manuel-valls-al-menos-1-730-franceses-estan-alistados-en-daesh"],"_links":{"self":[{"href":"https:\/\/archive.sana.sy\/es\/index.php?rest_route=\/wp\/v2\/posts\/24483"}],"collection":[{"href":"https:\/\/archive.sana.sy\/es\/index.php?rest_route=\/wp\/v2\/posts"}],"about":[{"href":"https:\/\/archive.sana.sy\/es\/index.php?rest_route=\/wp\/v2\/types\/post"}],"author":[{"embeddable":true,"href":"https:\/\/archive.sana.sy\/es\/index.php?rest_route=\/wp\/v2\/users\/1"}],"replies":[{"embeddable":true,"href":"https:\/\/archive.sana.sy\/es\/index.php?rest_route=%2Fwp%2Fv2%2Fcomments&post=24483"}],"version-history":[{"count":0,"href":"https:\/\/archive.sana.sy\/es\/index.php?rest_route=\/wp\/v2\/posts\/24483\/revisions"}],"wp:featuredmedia":[{"embeddable":true,"href":"https:\/\/archive.sana.sy\/es\/index.php?rest_route=\/wp\/v2\/media\/24484"}],"wp:attachment":[{"href":"https:\/\/archive.sana.sy\/es\/index.php?rest_route=%2Fwp%2Fv2%2Fmedia&parent=24483"}],"wp:term":[{"taxonomy":"category","embeddable":true,"href":"https:\/\/archive.sana.sy\/es\/index.php?rest_route=%2Fwp%2Fv2%2Fcategories&post=24483"},{"taxonomy":"post_tag","embeddable":true,"href":"https:\/\/archive.sana.sy\/es\/index.php?rest_route=%2Fwp%2Fv2%2Ftags&post=24483"}],"curies":[{"name":"wp","href":"https:\/\/api.w.org\/{rel}","templated":true}]}}