{"id":244933,"date":"2022-07-24T17:05:56","date_gmt":"2022-07-24T14:05:56","guid":{"rendered":"http:\/\/107.6.182.27\/es\/?p=244933"},"modified":"2023-01-10T14:03:13","modified_gmt":"2023-01-10T12:03:13","slug":"intenso-bombardeo-turcos-con-artilleria-y-morteros-contra-el-noroeste-de-hasakeh-fotos","status":"publish","type":"post","link":"https:\/\/archive.sana.sy\/es\/?p=244933","title":{"rendered":"Intenso bombardeo turcos con artiller\u00eda y morteros contra el noroeste de Hasakeh (+ fotos)"},"content":{"rendered":"<p style=\"text-align: justify;\"><strong><span style=\"color: #800000;\">Hasakeh, 24 jul (SANA)<\/span><\/strong>\u00a0 \u00a0 \u00a0Las fuerzas turcas y los mercenarios que operan bajo su mando bombardearon artiller\u00eda pesada la localidad de Abu Raseen y las aldeas de Wedada Abdel, Um Harmala, Al-Matamura y Al-Rabiat, ubicadas en el noroeste de la provincia de Hasakeh.<\/p>\n<p style=\"text-align: justify;\">Los ataques causaron lesiones a tres civiles y ocasionaron p\u00e9rdidas materiales en las viviendas y las propiedades privadas y p\u00fablicas.<\/p>\n<p style=\"text-align: justify;\">La v\u00edspera, la planta el\u00e9ctrica de Tal Tamer en el noroeste de la provincia siria de Hasakeh, qued\u00f3 fuera de servicio tras una agresi\u00f3n con artiller\u00eda de los militares del ocupante turco contra la l\u00ednea de 66 KV que alimenta planta.<\/p>\n<p style=\"text-align: justify;\">fm\/ed<\/p>\n<div id='gallery-1' class='gallery galleryid-244933 gallery-columns-1 gallery-size-full'><figure class='gallery-item'>\n\t\t\t<div class='gallery-icon portrait'>\n\t\t\t\t<a href='https:\/\/archive.sana.sy\/es\/wp-content\/uploads\/2022\/07\/photo_2022-07-24_10-01-49-2-scaled.jpg'><img loading=\"lazy\" decoding=\"async\" width=\"1569\" height=\"2560\" src=\"https:\/\/archive.sana.sy\/es\/wp-content\/uploads\/2022\/07\/photo_2022-07-24_10-01-49-2-scaled.jpg\" class=\"attachment-full size-full\" alt=\"\" srcset=\"https:\/\/archive.sana.sy\/es\/wp-content\/uploads\/2022\/07\/photo_2022-07-24_10-01-49-2-scaled.jpg 1569w, https:\/\/archive.sana.sy\/es\/wp-content\/uploads\/2022\/07\/photo_2022-07-24_10-01-49-2-184x300.jpg 184w, https:\/\/archive.sana.sy\/es\/wp-content\/uploads\/2022\/07\/photo_2022-07-24_10-01-49-2-627x1024.jpg 627w, https:\/\/archive.sana.sy\/es\/wp-content\/uploads\/2022\/07\/photo_2022-07-24_10-01-49-2-92x150.jpg 92w, https:\/\/archive.sana.sy\/es\/wp-content\/uploads\/2022\/07\/photo_2022-07-24_10-01-49-2-768x1253.jpg 768w, https:\/\/archive.sana.sy\/es\/wp-content\/uploads\/2022\/07\/photo_2022-07-24_10-01-49-2-941x1536.jpg 941w, https:\/\/archive.sana.sy\/es\/wp-content\/uploads\/2022\/07\/photo_2022-07-24_10-01-49-2-1255x2048.jpg 1255w\" sizes=\"(max-width: 1569px) 100vw, 1569px\" \/><\/a>\n\t\t\t<\/div><\/figure><figure class='gallery-item'>\n\t\t\t<div class='gallery-icon portrait'>\n\t\t\t\t<a href='https:\/\/archive.sana.sy\/es\/wp-content\/uploads\/2022\/07\/photo_2022-07-24_10-01-49-3-scaled.jpg'><img loading=\"lazy\" decoding=\"async\" width=\"1583\" height=\"2560\" src=\"https:\/\/archive.sana.sy\/es\/wp-content\/uploads\/2022\/07\/photo_2022-07-24_10-01-49-3-scaled.jpg\" class=\"attachment-full size-full\" alt=\"\" srcset=\"https:\/\/archive.sana.sy\/es\/wp-content\/uploads\/2022\/07\/photo_2022-07-24_10-01-49-3-scaled.jpg 1583w, https:\/\/archive.sana.sy\/es\/wp-content\/uploads\/2022\/07\/photo_2022-07-24_10-01-49-3-186x300.jpg 186w, https:\/\/archive.sana.sy\/es\/wp-content\/uploads\/2022\/07\/photo_2022-07-24_10-01-49-3-633x1024.jpg 633w, https:\/\/archive.sana.sy\/es\/wp-content\/uploads\/2022\/07\/photo_2022-07-24_10-01-49-3-93x150.jpg 93w, https:\/\/archive.sana.sy\/es\/wp-content\/uploads\/2022\/07\/photo_2022-07-24_10-01-49-3-768x1242.jpg 768w, https:\/\/archive.sana.sy\/es\/wp-content\/uploads\/2022\/07\/photo_2022-07-24_10-01-49-3-950x1536.jpg 950w, https:\/\/archive.sana.sy\/es\/wp-content\/uploads\/2022\/07\/photo_2022-07-24_10-01-49-3-1266x2048.jpg 1266w\" sizes=\"(max-width: 1583px) 100vw, 1583px\" \/><\/a>\n\t\t\t<\/div><\/figure><figure class='gallery-item'>\n\t\t\t<div class='gallery-icon landscape'>\n\t\t\t\t<a href='https:\/\/archive.sana.sy\/es\/wp-content\/uploads\/2022\/07\/photo_2022-07-24_10-01-49-4-scaled.jpg'><img loading=\"lazy\" decoding=\"async\" width=\"2560\" height=\"1920\" src=\"https:\/\/archive.sana.sy\/es\/wp-content\/uploads\/2022\/07\/photo_2022-07-24_10-01-49-4-scaled.jpg\" class=\"attachment-full size-full\" alt=\"\" srcset=\"https:\/\/archive.sana.sy\/es\/wp-content\/uploads\/2022\/07\/photo_2022-07-24_10-01-49-4-scaled.jpg 2560w, https:\/\/archive.sana.sy\/es\/wp-content\/uploads\/2022\/07\/photo_2022-07-24_10-01-49-4-300x225.jpg 300w, https:\/\/archive.sana.sy\/es\/wp-content\/uploads\/2022\/07\/photo_2022-07-24_10-01-49-4-1024x768.jpg 1024w, https:\/\/archive.sana.sy\/es\/wp-content\/uploads\/2022\/07\/photo_2022-07-24_10-01-49-4-150x112.jpg 150w, https:\/\/archive.sana.sy\/es\/wp-content\/uploads\/2022\/07\/photo_2022-07-24_10-01-49-4-768x576.jpg 768w, https:\/\/archive.sana.sy\/es\/wp-content\/uploads\/2022\/07\/photo_2022-07-24_10-01-49-4-1536x1152.jpg 1536w, https:\/\/archive.sana.sy\/es\/wp-content\/uploads\/2022\/07\/photo_2022-07-24_10-01-49-4-2048x1536.jpg 2048w\" sizes=\"(max-width: 2560px) 100vw, 2560px\" \/><\/a>\n\t\t\t<\/div><\/figure>\n\t\t<\/div>\n\n","protected":false},"excerpt":{"rendered":"<p>Hasakeh, 24 jul (SANA)\u00a0 \u00a0 \u00a0Las fuerzas turcas y los mercenarios que operan bajo su mando bombardearon artiller\u00eda pesada la localidad de Abu Raseen y las aldeas de Wedada Abdel, Um Harmala, Al-Matamura y Al-Rabiat, ubicadas en el noroeste de la provincia de Hasakeh. Los ataques causaron lesiones a tres civiles y ocasionaron p\u00e9rdidas materiales &hellip;<\/p>\n","protected":false},"author":32,"featured_media":244969,"comment_status":"closed","ping_status":"closed","sticky":false,"template":"","format":"standard","meta":{"footnotes":""},"categories":[447,477,597,573,7541],"tags":[],"class_list":["post-244933","post","type-post","status-publish","format-standard","has-post-thumbnail","","category-local-politica","category-noticias-edulcorantes","category-cinta-de-noticias","category-la-realidad-de-los-acontecimientos-en-siria","category-ultimas-noticias"],"_links":{"self":[{"href":"https:\/\/archive.sana.sy\/es\/index.php?rest_route=\/wp\/v2\/posts\/244933"}],"collection":[{"href":"https:\/\/archive.sana.sy\/es\/index.php?rest_route=\/wp\/v2\/posts"}],"about":[{"href":"https:\/\/archive.sana.sy\/es\/index.php?rest_route=\/wp\/v2\/types\/post"}],"author":[{"embeddable":true,"href":"https:\/\/archive.sana.sy\/es\/index.php?rest_route=\/wp\/v2\/users\/32"}],"replies":[{"embeddable":true,"href":"https:\/\/archive.sana.sy\/es\/index.php?rest_route=%2Fwp%2Fv2%2Fcomments&post=244933"}],"version-history":[{"count":0,"href":"https:\/\/archive.sana.sy\/es\/index.php?rest_route=\/wp\/v2\/posts\/244933\/revisions"}],"wp:featuredmedia":[{"embeddable":true,"href":"https:\/\/archive.sana.sy\/es\/index.php?rest_route=\/wp\/v2\/media\/244969"}],"wp:attachment":[{"href":"https:\/\/archive.sana.sy\/es\/index.php?rest_route=%2Fwp%2Fv2%2Fmedia&parent=244933"}],"wp:term":[{"taxonomy":"category","embeddable":true,"href":"https:\/\/archive.sana.sy\/es\/index.php?rest_route=%2Fwp%2Fv2%2Fcategories&post=244933"},{"taxonomy":"post_tag","embeddable":true,"href":"https:\/\/archive.sana.sy\/es\/index.php?rest_route=%2Fwp%2Fv2%2Ftags&post=244933"}],"curies":[{"name":"wp","href":"https:\/\/api.w.org\/{rel}","templated":true}]}}