{"id":245035,"date":"2022-07-24T17:09:43","date_gmt":"2022-07-24T14:09:43","guid":{"rendered":"http:\/\/107.6.182.27\/es\/?p=245035"},"modified":"2022-07-24T17:09:43","modified_gmt":"2022-07-24T14:09:43","slug":"lavrov-es-necesario-solucionar-la-crisis-en-siria-preservando-su-soberania-e-integridad-territorial","status":"publish","type":"post","link":"https:\/\/archive.sana.sy\/es\/?p=245035","title":{"rendered":"Lavrov: es necesario solucionar la crisis en Siria preservando su soberan\u00eda e integridad territorial"},"content":{"rendered":"<p style=\"text-align: justify;\"><span style=\"color: #800000;\"><strong>El Cairo, 24 jul (SANA)<\/strong><\/span> El ministro de Relaciones Exteriores de Rusia, Sergei Lavrov, reiter\u00f3 que solo el pueblo sirio puede decidir el futuro de su pa\u00eds sin injerencia externa.<\/p>\n<p style=\"text-align: justify;\">Durante una conferencia de prensa con su hom\u00f3logo egipcio, Sameh Shoukry, en El Cairo, Lavrov subray\u00f3 la importancia de que la comunidad internacional apoye la soluci\u00f3n en Siria de una manera que preserve la unidad y la soberan\u00eda del pa\u00eds.<\/p>\n<p style=\"text-align: justify;\">Por otro lado, Lavrov se\u00f1al\u00f3 que hab\u00eda sostenido un di\u00e1logo constructivo con el presidente egipcio, Abdel Fattah El-Sisi, y explic\u00f3 que las relaciones entre los dos pa\u00edses est\u00e1n progresando significativamente y que hay acuerdo sobre una serie de expedientes regionales e internacionales.<\/p>\n<p style=\"text-align: justify;\">Revel\u00f3 que la cumbre afro-rusa tendr\u00e1 lugar a mediados del pr\u00f3ximo a\u00f1o.<\/p>\n<p style=\"text-align: justify;\">fm\/ed<\/p>\n","protected":false},"excerpt":{"rendered":"<p>El Cairo, 24 jul (SANA) El ministro de Relaciones Exteriores de Rusia, Sergei Lavrov, reiter\u00f3 que solo el pueblo sirio puede decidir el futuro de su pa\u00eds sin injerencia externa. Durante una conferencia de prensa con su hom\u00f3logo egipcio, Sameh Shoukry, en El Cairo, Lavrov subray\u00f3 la importancia de que la comunidad internacional apoye la &hellip;<\/p>\n","protected":false},"author":32,"featured_media":245036,"comment_status":"closed","ping_status":"closed","sticky":false,"template":"","format":"standard","meta":{"footnotes":""},"categories":[597,467,7541],"tags":[],"class_list":["post-245035","post","type-post","status-publish","format-standard","has-post-thumbnail","","category-cinta-de-noticias","category-siria-y-el-mundo","category-ultimas-noticias"],"_links":{"self":[{"href":"https:\/\/archive.sana.sy\/es\/index.php?rest_route=\/wp\/v2\/posts\/245035"}],"collection":[{"href":"https:\/\/archive.sana.sy\/es\/index.php?rest_route=\/wp\/v2\/posts"}],"about":[{"href":"https:\/\/archive.sana.sy\/es\/index.php?rest_route=\/wp\/v2\/types\/post"}],"author":[{"embeddable":true,"href":"https:\/\/archive.sana.sy\/es\/index.php?rest_route=\/wp\/v2\/users\/32"}],"replies":[{"embeddable":true,"href":"https:\/\/archive.sana.sy\/es\/index.php?rest_route=%2Fwp%2Fv2%2Fcomments&post=245035"}],"version-history":[{"count":0,"href":"https:\/\/archive.sana.sy\/es\/index.php?rest_route=\/wp\/v2\/posts\/245035\/revisions"}],"wp:featuredmedia":[{"embeddable":true,"href":"https:\/\/archive.sana.sy\/es\/index.php?rest_route=\/wp\/v2\/media\/245036"}],"wp:attachment":[{"href":"https:\/\/archive.sana.sy\/es\/index.php?rest_route=%2Fwp%2Fv2%2Fmedia&parent=245035"}],"wp:term":[{"taxonomy":"category","embeddable":true,"href":"https:\/\/archive.sana.sy\/es\/index.php?rest_route=%2Fwp%2Fv2%2Fcategories&post=245035"},{"taxonomy":"post_tag","embeddable":true,"href":"https:\/\/archive.sana.sy\/es\/index.php?rest_route=%2Fwp%2Fv2%2Ftags&post=245035"}],"curies":[{"name":"wp","href":"https:\/\/api.w.org\/{rel}","templated":true}]}}