{"id":245038,"date":"2022-07-24T17:16:48","date_gmt":"2022-07-24T14:16:48","guid":{"rendered":"http:\/\/107.6.182.27\/es\/?p=245038"},"modified":"2023-01-10T14:03:13","modified_gmt":"2023-01-10T12:03:13","slug":"primer-ministro-de-siria-agradece-apoyo-de-china-y-su-defensa-a-las-justas-causas-de-los-pueblos","status":"publish","type":"post","link":"https:\/\/archive.sana.sy\/es\/?p=245038","title":{"rendered":"Primer Ministro de Siria agradece apoyo de China y su defensa a las justas causas de los pueblos"},"content":{"rendered":"<p style=\"text-align: justify;\"><strong><span style=\"color: #800000;\">Damasco, 24 jul (SANA)\u00a0<\/span><\/strong> El primer ministro Hussein Arnous, elogi\u00f3 hoy la posici\u00f3n de China en los foros internacionales en defensa de los derechos de los pueblos y su independencia, soberan\u00eda y decisi\u00f3n nacional.<\/p>\n<p style=\"text-align: justify;\">Durante su encuentro con embajador chino, Feng Biao, con motivo del t\u00e9rmino de sus funciones como embajador de su pa\u00eds en Damasco, Arnous destac\u00f3 el apoyo que brinda Pek\u00edn al pueblo sirio en las \u00e1reas de salud, socorro, transporte, telecomunicaciones y otros.<\/p>\n<p style=\"text-align: justify;\">\u201cNuestras relaciones est\u00e1n basadas en la cooperaci\u00f3n y coordinaci\u00f3n en m\u00faltiples temas de inter\u00e9s para los dos pa\u00edses y pueblos amigos\u201d, dijo el jefe del ejecutivo.<\/p>\n<p style=\"text-align: justify;\">Subray\u00f3 la necesidad de fortalecer la cooperaci\u00f3n econ\u00f3mica, cultural y cient\u00edfica, aumentar el intercambio comercial y alentar el sector empresarial de los dos pa\u00edses a establecer proyectos de inversi\u00f3n que contribuyan a impulsar las relaciones en varios campos.<\/p>\n<p style=\"text-align: justify;\">Por su parte, el embajador chino reiter\u00f3 la disposici\u00f3n de su pa\u00eds a participar plenamente en la reconstrucci\u00f3n y construcci\u00f3n en Siria y en la proceso de desarrollo econ\u00f3mico.<\/p>\n<p style=\"text-align: justify;\">fm\/ed<\/p>\n","protected":false},"excerpt":{"rendered":"<p>Damasco, 24 jul (SANA)\u00a0 El primer ministro Hussein Arnous, elogi\u00f3 hoy la posici\u00f3n de China en los foros internacionales en defensa de los derechos de los pueblos y su independencia, soberan\u00eda y decisi\u00f3n nacional. Durante su encuentro con embajador chino, Feng Biao, con motivo del t\u00e9rmino de sus funciones como embajador de su pa\u00eds en &hellip;<\/p>\n","protected":false},"author":32,"featured_media":245039,"comment_status":"closed","ping_status":"closed","sticky":false,"template":"","format":"standard","meta":{"footnotes":""},"categories":[477,447,597,476,7541],"tags":[],"class_list":["post-245038","post","type-post","status-publish","format-standard","has-post-thumbnail","","category-noticias-edulcorantes","category-local-politica","category-cinta-de-noticias","category-locales","category-ultimas-noticias"],"_links":{"self":[{"href":"https:\/\/archive.sana.sy\/es\/index.php?rest_route=\/wp\/v2\/posts\/245038"}],"collection":[{"href":"https:\/\/archive.sana.sy\/es\/index.php?rest_route=\/wp\/v2\/posts"}],"about":[{"href":"https:\/\/archive.sana.sy\/es\/index.php?rest_route=\/wp\/v2\/types\/post"}],"author":[{"embeddable":true,"href":"https:\/\/archive.sana.sy\/es\/index.php?rest_route=\/wp\/v2\/users\/32"}],"replies":[{"embeddable":true,"href":"https:\/\/archive.sana.sy\/es\/index.php?rest_route=%2Fwp%2Fv2%2Fcomments&post=245038"}],"version-history":[{"count":0,"href":"https:\/\/archive.sana.sy\/es\/index.php?rest_route=\/wp\/v2\/posts\/245038\/revisions"}],"wp:featuredmedia":[{"embeddable":true,"href":"https:\/\/archive.sana.sy\/es\/index.php?rest_route=\/wp\/v2\/media\/245039"}],"wp:attachment":[{"href":"https:\/\/archive.sana.sy\/es\/index.php?rest_route=%2Fwp%2Fv2%2Fmedia&parent=245038"}],"wp:term":[{"taxonomy":"category","embeddable":true,"href":"https:\/\/archive.sana.sy\/es\/index.php?rest_route=%2Fwp%2Fv2%2Fcategories&post=245038"},{"taxonomy":"post_tag","embeddable":true,"href":"https:\/\/archive.sana.sy\/es\/index.php?rest_route=%2Fwp%2Fv2%2Ftags&post=245038"}],"curies":[{"name":"wp","href":"https:\/\/api.w.org\/{rel}","templated":true}]}}