{"id":245351,"date":"2022-07-26T22:20:12","date_gmt":"2022-07-26T19:20:12","guid":{"rendered":"http:\/\/107.6.182.27\/es\/?p=245351"},"modified":"2023-01-10T15:55:41","modified_gmt":"2023-01-10T13:55:41","slug":"defensa-rusa-niega-noticias-circuladas-sobre-una-movilizacion-general-en-rusia","status":"publish","type":"post","link":"https:\/\/archive.sana.sy\/es\/?p=245351","title":{"rendered":"Defensa rusa niega noticias circuladas sobre una movilizaci\u00f3n general en Rusia"},"content":{"rendered":"<p style=\"text-align: justify;\"><span style=\"color: #800000;\"><strong>Mosc\u00fa, 26 jul (SANA)<\/strong> <\/span>El Ministerio de Defensa ruso desminti\u00f3 las noticias difundidas por los medios extranjeros sobre una posible movilizaci\u00f3n general en Rusia.<\/p>\n<p style=\"text-align: justify;\">El sitio web Russia Today cit\u00f3 al ministerio diciendo en un comunicado que &#8220;solo una parte de las fuerzas rusas participa en la operaci\u00f3n militar especial, y esta parte es completamente suficiente para cumplir con todas las tareas que se le asign\u00f3 el Comandante Supremo&#8221;.<\/p>\n<p style=\"text-align: justify;\">El Ministerio de Defensa ruso hab\u00eda anunciado hoy que sus fuerzas durante las \u00faltimas 24 horas, hab\u00edan atacado 8 centros de comando de las fuerzas de Kiev y hab\u00edan eliminado a m\u00e1s de 40 mercenarios extranjeros, la mayor\u00eda de los cuales eran polacos.<\/p>\n<p>fm<\/p>\n","protected":false},"excerpt":{"rendered":"<p>Mosc\u00fa, 26 jul (SANA) El Ministerio de Defensa ruso desminti\u00f3 las noticias difundidas por los medios extranjeros sobre una posible movilizaci\u00f3n general en Rusia. El sitio web Russia Today cit\u00f3 al ministerio diciendo en un comunicado que &#8220;solo una parte de las fuerzas rusas participa en la operaci\u00f3n militar especial, y esta parte es completamente &hellip;<\/p>\n","protected":false},"author":36,"featured_media":245356,"comment_status":"closed","ping_status":"closed","sticky":false,"template":"","format":"standard","meta":{"footnotes":""},"categories":[597,456,20724,457],"tags":[],"class_list":["post-245351","post","type-post","status-publish","format-standard","has-post-thumbnail","","category-cinta-de-noticias","category-arabe-internacional-politica","category-minuto-a-minuto","category-noticias-arabe-internacional-politica"],"_links":{"self":[{"href":"https:\/\/archive.sana.sy\/es\/index.php?rest_route=\/wp\/v2\/posts\/245351"}],"collection":[{"href":"https:\/\/archive.sana.sy\/es\/index.php?rest_route=\/wp\/v2\/posts"}],"about":[{"href":"https:\/\/archive.sana.sy\/es\/index.php?rest_route=\/wp\/v2\/types\/post"}],"author":[{"embeddable":true,"href":"https:\/\/archive.sana.sy\/es\/index.php?rest_route=\/wp\/v2\/users\/36"}],"replies":[{"embeddable":true,"href":"https:\/\/archive.sana.sy\/es\/index.php?rest_route=%2Fwp%2Fv2%2Fcomments&post=245351"}],"version-history":[{"count":0,"href":"https:\/\/archive.sana.sy\/es\/index.php?rest_route=\/wp\/v2\/posts\/245351\/revisions"}],"wp:featuredmedia":[{"embeddable":true,"href":"https:\/\/archive.sana.sy\/es\/index.php?rest_route=\/wp\/v2\/media\/245356"}],"wp:attachment":[{"href":"https:\/\/archive.sana.sy\/es\/index.php?rest_route=%2Fwp%2Fv2%2Fmedia&parent=245351"}],"wp:term":[{"taxonomy":"category","embeddable":true,"href":"https:\/\/archive.sana.sy\/es\/index.php?rest_route=%2Fwp%2Fv2%2Fcategories&post=245351"},{"taxonomy":"post_tag","embeddable":true,"href":"https:\/\/archive.sana.sy\/es\/index.php?rest_route=%2Fwp%2Fv2%2Ftags&post=245351"}],"curies":[{"name":"wp","href":"https:\/\/api.w.org\/{rel}","templated":true}]}}