{"id":245352,"date":"2022-07-26T22:17:02","date_gmt":"2022-07-26T19:17:02","guid":{"rendered":"http:\/\/107.6.182.27\/es\/?p=245352"},"modified":"2022-07-26T22:17:02","modified_gmt":"2022-07-26T19:17:02","slug":"siria-e-irak-abordan-cooperacion-en-campos-de-irrigacion-y-recursos-hidricos","status":"publish","type":"post","link":"https:\/\/archive.sana.sy\/es\/?p=245352","title":{"rendered":"Siria e Irak abordan cooperaci\u00f3n en campos de irrigaci\u00f3n y recursos h\u00eddricos"},"content":{"rendered":"<p style=\"text-align: justify;\"><span style=\"color: #800000;\"><strong>Bagdad, 26 jul (SANA)<\/strong> <\/span>El Ministro iraqu\u00ed de Recursos H\u00eddricos, Mahdi Rashid Al-Hamdani, discuti\u00f3 con el Presidente de la Federaci\u00f3n General de Agricultores, Ahmed Saleh Ibrahim, en presencia del Embajador de Siria en Bagdad, Sattam Jadaan Al-Dandah, v\u00edas de cooperaci\u00f3n conjunta entre Siria e Irak en los campos de la agricultura y el riego.<\/p>\n<p style=\"text-align: justify;\">Durante la reuni\u00f3n, al-Hamdani explic\u00f3, seg\u00fan un comunicado del Ministerio de Recursos H\u00eddricos de Irak, que las instalaciones de riego en Irak y Siria resultaron da\u00f1adas como resultado del control de las bandas terroristas del grupo terrorista Daesh sobre algunas \u00e1reas de los dos pa\u00edses.<\/p>\n<p style=\"text-align: justify;\">El ministro iraqu\u00ed se\u00f1al\u00f3 la importancia de continuar la cooperaci\u00f3n y el trabajo conjunto para mejorar la realidad de riego entre los dos pa\u00edses mediante la realizaci\u00f3n de seminarios y talleres, y el intercambio de visitas y reuniones a nivel ministerial y t\u00e9cnico.<\/p>\n<p>mm<\/p>\n","protected":false},"excerpt":{"rendered":"<p>Bagdad, 26 jul (SANA) El Ministro iraqu\u00ed de Recursos H\u00eddricos, Mahdi Rashid Al-Hamdani, discuti\u00f3 con el Presidente de la Federaci\u00f3n General de Agricultores, Ahmed Saleh Ibrahim, en presencia del Embajador de Siria en Bagdad, Sattam Jadaan Al-Dandah, v\u00edas de cooperaci\u00f3n conjunta entre Siria e Irak en los campos de la agricultura y el riego. Durante &hellip;<\/p>\n","protected":false},"author":36,"featured_media":245354,"comment_status":"closed","ping_status":"closed","sticky":false,"template":"","format":"standard","meta":{"footnotes":""},"categories":[597,20724,467],"tags":[],"class_list":["post-245352","post","type-post","status-publish","format-standard","has-post-thumbnail","","category-cinta-de-noticias","category-minuto-a-minuto","category-siria-y-el-mundo"],"_links":{"self":[{"href":"https:\/\/archive.sana.sy\/es\/index.php?rest_route=\/wp\/v2\/posts\/245352"}],"collection":[{"href":"https:\/\/archive.sana.sy\/es\/index.php?rest_route=\/wp\/v2\/posts"}],"about":[{"href":"https:\/\/archive.sana.sy\/es\/index.php?rest_route=\/wp\/v2\/types\/post"}],"author":[{"embeddable":true,"href":"https:\/\/archive.sana.sy\/es\/index.php?rest_route=\/wp\/v2\/users\/36"}],"replies":[{"embeddable":true,"href":"https:\/\/archive.sana.sy\/es\/index.php?rest_route=%2Fwp%2Fv2%2Fcomments&post=245352"}],"version-history":[{"count":0,"href":"https:\/\/archive.sana.sy\/es\/index.php?rest_route=\/wp\/v2\/posts\/245352\/revisions"}],"wp:featuredmedia":[{"embeddable":true,"href":"https:\/\/archive.sana.sy\/es\/index.php?rest_route=\/wp\/v2\/media\/245354"}],"wp:attachment":[{"href":"https:\/\/archive.sana.sy\/es\/index.php?rest_route=%2Fwp%2Fv2%2Fmedia&parent=245352"}],"wp:term":[{"taxonomy":"category","embeddable":true,"href":"https:\/\/archive.sana.sy\/es\/index.php?rest_route=%2Fwp%2Fv2%2Fcategories&post=245352"},{"taxonomy":"post_tag","embeddable":true,"href":"https:\/\/archive.sana.sy\/es\/index.php?rest_route=%2Fwp%2Fv2%2Ftags&post=245352"}],"curies":[{"name":"wp","href":"https:\/\/api.w.org\/{rel}","templated":true}]}}