{"id":245419,"date":"2022-07-27T15:55:02","date_gmt":"2022-07-27T12:55:02","guid":{"rendered":"http:\/\/107.6.182.27\/es\/?p=245419"},"modified":"2023-01-10T15:55:39","modified_gmt":"2023-01-10T13:55:39","slug":"rusia-es-un-socio-confiable-para-praga-afirma-mayerova","status":"publish","type":"post","link":"https:\/\/archive.sana.sy\/es\/?p=245419","title":{"rendered":"Rusia es un socio confiable para Praga, afirma Mayerova"},"content":{"rendered":"<p style=\"text-align: justify;\"><strong><span style=\"color: #800000;\">Praga-Bratislava, 27 jul (SANA)\u00a0<\/span><\/strong> La jefa del partido Checo (Tres Colores), Zuzana Mayerova, confirm\u00f3 que Rusia acata los acuerdos comerciales firmados con Praga.<\/p>\n<p style=\"text-align: justify;\">Mosc\u00fa ha sido para los checos durante d\u00e9cadas un socio confiable y fiable en materia de suministro de gas, petr\u00f3leo y combustible necesarios para el funcionamiento de las centrales nucleares, dijo Mayerova en una entrevista para el sitio web checo de \u201cParliamentary Papers\u201d.<\/p>\n<p style=\"text-align: justify;\">Agreg\u00f3 que \u201cesto es una realidad independientemente de la presencia o ausencia de guerras&#8221;<\/p>\n<p style=\"text-align: justify;\">ed\/fm<\/p>\n","protected":false},"excerpt":{"rendered":"<p>Praga-Bratislava, 27 jul (SANA)\u00a0 La jefa del partido Checo (Tres Colores), Zuzana Mayerova, confirm\u00f3 que Rusia acata los acuerdos comerciales firmados con Praga. Mosc\u00fa ha sido para los checos durante d\u00e9cadas un socio confiable y fiable en materia de suministro de gas, petr\u00f3leo y combustible necesarios para el funcionamiento de las centrales nucleares, dijo Mayerova &hellip;<\/p>\n","protected":false},"author":32,"featured_media":245420,"comment_status":"closed","ping_status":"closed","sticky":false,"template":"","format":"standard","meta":{"footnotes":""},"categories":[597,456,20724],"tags":[],"class_list":["post-245419","post","type-post","status-publish","format-standard","has-post-thumbnail","","category-cinta-de-noticias","category-arabe-internacional-politica","category-minuto-a-minuto"],"_links":{"self":[{"href":"https:\/\/archive.sana.sy\/es\/index.php?rest_route=\/wp\/v2\/posts\/245419"}],"collection":[{"href":"https:\/\/archive.sana.sy\/es\/index.php?rest_route=\/wp\/v2\/posts"}],"about":[{"href":"https:\/\/archive.sana.sy\/es\/index.php?rest_route=\/wp\/v2\/types\/post"}],"author":[{"embeddable":true,"href":"https:\/\/archive.sana.sy\/es\/index.php?rest_route=\/wp\/v2\/users\/32"}],"replies":[{"embeddable":true,"href":"https:\/\/archive.sana.sy\/es\/index.php?rest_route=%2Fwp%2Fv2%2Fcomments&post=245419"}],"version-history":[{"count":0,"href":"https:\/\/archive.sana.sy\/es\/index.php?rest_route=\/wp\/v2\/posts\/245419\/revisions"}],"wp:featuredmedia":[{"embeddable":true,"href":"https:\/\/archive.sana.sy\/es\/index.php?rest_route=\/wp\/v2\/media\/245420"}],"wp:attachment":[{"href":"https:\/\/archive.sana.sy\/es\/index.php?rest_route=%2Fwp%2Fv2%2Fmedia&parent=245419"}],"wp:term":[{"taxonomy":"category","embeddable":true,"href":"https:\/\/archive.sana.sy\/es\/index.php?rest_route=%2Fwp%2Fv2%2Fcategories&post=245419"},{"taxonomy":"post_tag","embeddable":true,"href":"https:\/\/archive.sana.sy\/es\/index.php?rest_route=%2Fwp%2Fv2%2Ftags&post=245419"}],"curies":[{"name":"wp","href":"https:\/\/api.w.org\/{rel}","templated":true}]}}