{"id":245663,"date":"2022-07-29T09:57:08","date_gmt":"2022-07-29T06:57:08","guid":{"rendered":"http:\/\/107.6.182.27\/es\/?p=245663"},"modified":"2023-01-10T15:55:34","modified_gmt":"2023-01-10T13:55:34","slug":"frustrado-un-ataque-con-drones-de-las-fuerzas-de-kiev-contra-zaporiyia","status":"publish","type":"post","link":"https:\/\/archive.sana.sy\/es\/?p=245663","title":{"rendered":"Frustrado un ataque con drones de las fuerzas de Kiev contra Zaporiyia"},"content":{"rendered":"<p style=\"text-align: justify;\"><span style=\"color: #800000;\"><strong>Mosc\u00fa, 29 jul (SANA) <\/strong><\/span>La administraci\u00f3n designada por Rusia en la provincia sure\u00f1a ucraniana de Zaporiyia inform\u00f3 sobre la frustraci\u00f3n de un ataque con drones de las fuerzas de Kiev contra posiciones en la ciudad sure\u00f1a de Mil\u00edtopol.<\/p>\n<p style=\"text-align: justify;\">\u201cLa noche pasada, los combatientes ucranianos intentaron lanzar un ataque contra la infraestructura civil de la ciudad de Mil\u00edtopol con drones de asalto, pero nuestro sistema de defensa a\u00e9rea repeli\u00f3 el ataque\u201d, dijo el miembro de la Junta Vladimir Rogov a la agencia Novosti.<\/p>\n<p style=\"text-align: justify;\"><em><strong>ah\/rsh<\/strong><\/em><\/p>\n","protected":false},"excerpt":{"rendered":"<p>Mosc\u00fa, 29 jul (SANA) La administraci\u00f3n designada por Rusia en la provincia sure\u00f1a ucraniana de Zaporiyia inform\u00f3 sobre la frustraci\u00f3n de un ataque con drones de las fuerzas de Kiev contra posiciones en la ciudad sure\u00f1a de Mil\u00edtopol. \u201cLa noche pasada, los combatientes ucranianos intentaron lanzar un ataque contra la infraestructura civil de la ciudad &hellip;<\/p>\n","protected":false},"author":30,"featured_media":245665,"comment_status":"closed","ping_status":"closed","sticky":false,"template":"","format":"standard","meta":{"footnotes":""},"categories":[597,456,20724],"tags":[],"class_list":["post-245663","post","type-post","status-publish","format-standard","has-post-thumbnail","","category-cinta-de-noticias","category-arabe-internacional-politica","category-minuto-a-minuto"],"_links":{"self":[{"href":"https:\/\/archive.sana.sy\/es\/index.php?rest_route=\/wp\/v2\/posts\/245663"}],"collection":[{"href":"https:\/\/archive.sana.sy\/es\/index.php?rest_route=\/wp\/v2\/posts"}],"about":[{"href":"https:\/\/archive.sana.sy\/es\/index.php?rest_route=\/wp\/v2\/types\/post"}],"author":[{"embeddable":true,"href":"https:\/\/archive.sana.sy\/es\/index.php?rest_route=\/wp\/v2\/users\/30"}],"replies":[{"embeddable":true,"href":"https:\/\/archive.sana.sy\/es\/index.php?rest_route=%2Fwp%2Fv2%2Fcomments&post=245663"}],"version-history":[{"count":0,"href":"https:\/\/archive.sana.sy\/es\/index.php?rest_route=\/wp\/v2\/posts\/245663\/revisions"}],"wp:featuredmedia":[{"embeddable":true,"href":"https:\/\/archive.sana.sy\/es\/index.php?rest_route=\/wp\/v2\/media\/245665"}],"wp:attachment":[{"href":"https:\/\/archive.sana.sy\/es\/index.php?rest_route=%2Fwp%2Fv2%2Fmedia&parent=245663"}],"wp:term":[{"taxonomy":"category","embeddable":true,"href":"https:\/\/archive.sana.sy\/es\/index.php?rest_route=%2Fwp%2Fv2%2Fcategories&post=245663"},{"taxonomy":"post_tag","embeddable":true,"href":"https:\/\/archive.sana.sy\/es\/index.php?rest_route=%2Fwp%2Fv2%2Ftags&post=245663"}],"curies":[{"name":"wp","href":"https:\/\/api.w.org\/{rel}","templated":true}]}}