{"id":245694,"date":"2022-07-29T12:46:25","date_gmt":"2022-07-29T09:46:25","guid":{"rendered":"http:\/\/107.6.182.27\/es\/?p=245694"},"modified":"2022-07-29T15:05:46","modified_gmt":"2022-07-29T12:05:46","slug":"ocupante-turco-agrede-con-artilleria-la-provincia-nortena-siria-de-hasakeh","status":"publish","type":"post","link":"https:\/\/archive.sana.sy\/es\/?p=245694","title":{"rendered":"Ocupante turco agrede con artiller\u00eda la provincia norte\u00f1a siria de Hasakeh"},"content":{"rendered":"<p style=\"text-align: justify;\"><span style=\"color: #800000;\"><strong>Hasakeh, 29 jul (SANA) <\/strong><\/span>Las fuerzas del ocupante turco agredieron esta ma\u00f1ana la aldea de \u201cMala Abbas\u201d situada en el distrito de al-Qahtaniya al norte de la provincia de Hasakeh.<\/p>\n<p style=\"text-align: justify;\">\u201cLos artilleros turcos bombardearon la referida aldea y causaron da\u00f1os materiales en los campos agr\u00edcolas\u201d, informaron activistas locales a nuestro corresponsal.<\/p>\n<p style=\"text-align: justify;\">Las fuerzas turcas y sus lacayos terroristas atacan a menudo las aldeas y ciudades del norte de las provincias de Raqqa, Alepo y Hasakeh, dejando m\u00e1rtires y heridos, y causando da\u00f1os materiales a la propiedad p\u00fablica y privada, as\u00ed como el desplazamiento de miles de familias en los \u00faltimos meses como resultado de la intensidad y ferocidad de los ataques.<\/p>\n<p style=\"text-align: justify;\"><em><strong>ah\/rsh<\/strong><\/em><\/p>\n","protected":false},"excerpt":{"rendered":"<p>Hasakeh, 29 jul (SANA) Las fuerzas del ocupante turco agredieron esta ma\u00f1ana la aldea de \u201cMala Abbas\u201d situada en el distrito de al-Qahtaniya al norte de la provincia de Hasakeh. \u201cLos artilleros turcos bombardearon la referida aldea y causaron da\u00f1os materiales en los campos agr\u00edcolas\u201d, informaron activistas locales a nuestro corresponsal. Las fuerzas turcas y &hellip;<\/p>\n","protected":false},"author":30,"featured_media":245697,"comment_status":"closed","ping_status":"closed","sticky":false,"template":"","format":"standard","meta":{"footnotes":""},"categories":[477,597,573,476,583],"tags":[],"class_list":["post-245694","post","type-post","status-publish","format-standard","has-post-thumbnail","","category-noticias-edulcorantes","category-cinta-de-noticias","category-la-realidad-de-los-acontecimientos-en-siria","category-locales","category-slide"],"_links":{"self":[{"href":"https:\/\/archive.sana.sy\/es\/index.php?rest_route=\/wp\/v2\/posts\/245694"}],"collection":[{"href":"https:\/\/archive.sana.sy\/es\/index.php?rest_route=\/wp\/v2\/posts"}],"about":[{"href":"https:\/\/archive.sana.sy\/es\/index.php?rest_route=\/wp\/v2\/types\/post"}],"author":[{"embeddable":true,"href":"https:\/\/archive.sana.sy\/es\/index.php?rest_route=\/wp\/v2\/users\/30"}],"replies":[{"embeddable":true,"href":"https:\/\/archive.sana.sy\/es\/index.php?rest_route=%2Fwp%2Fv2%2Fcomments&post=245694"}],"version-history":[{"count":0,"href":"https:\/\/archive.sana.sy\/es\/index.php?rest_route=\/wp\/v2\/posts\/245694\/revisions"}],"wp:featuredmedia":[{"embeddable":true,"href":"https:\/\/archive.sana.sy\/es\/index.php?rest_route=\/wp\/v2\/media\/245697"}],"wp:attachment":[{"href":"https:\/\/archive.sana.sy\/es\/index.php?rest_route=%2Fwp%2Fv2%2Fmedia&parent=245694"}],"wp:term":[{"taxonomy":"category","embeddable":true,"href":"https:\/\/archive.sana.sy\/es\/index.php?rest_route=%2Fwp%2Fv2%2Fcategories&post=245694"},{"taxonomy":"post_tag","embeddable":true,"href":"https:\/\/archive.sana.sy\/es\/index.php?rest_route=%2Fwp%2Fv2%2Ftags&post=245694"}],"curies":[{"name":"wp","href":"https:\/\/api.w.org\/{rel}","templated":true}]}}