{"id":24570,"date":"2015-06-05T18:48:53","date_gmt":"2015-06-05T15:48:53","guid":{"rendered":"http:\/\/sana.sy\/es\/?p=24570"},"modified":"2015-06-06T16:05:49","modified_gmt":"2015-06-06T13:05:49","slug":"la-comandancia-general-del-ejercito-y-de-las-ffaa-las-operaciones-militares-seguiran-hasta-lograr-el-control-completo-sobre-todo-el-qalamoun","status":"publish","type":"post","link":"https:\/\/archive.sana.sy\/es\/?p=24570","title":{"rendered":"Las operaciones militares seguir\u00e1n hasta lograr el control completo sobre todo el Qalamoun"},"content":{"rendered":"<p><span style=\"color: #800000\">Damasco-SANA<\/span><\/p>\n<p style=\"text-align: justify\">El Comando General de las Fuerzas Armadas confirm\u00f3 que las operaciones siguen en curso para lograr el control completo sobre todo el Qalamoun, a lo largo de la frontera sirio-libanesa despu\u00e9s de infligir grandes p\u00e9rdidas tanto humanas como materiales en las filas de \/ Frente Al-Nusra \/ y \/ Daesh \/.<\/p>\n<p style=\"text-align: justify\">La Comandancia General del Ej\u00e9rcito y de las fuerzas armadas inform\u00f3 en un comunicado emitido hoy, que tras una serie de operaciones exitosas en el \u00e1rea de Qalamoun nuestras fuerzas armadas completaron, en cooperaci\u00f3n con grupos de la Defensa Popular, sus tareas de la primera etapa desde el a\u00f1o pasado para extender su control y restablecer la seguridad y la estabilidad en las regiones y ciudades de Kara, Deir Atiyah, Nabek, Yabrud y su entorno y en Maaloula, al-Sarja, al-Jebah, Assal al-Ward, Fletah y en muchos otros sitios.<\/p>\n<p style=\"text-align: justify\">Asimismo, La Comandancia General agreg\u00f3 que en la segunda fase y en cooperaci\u00f3n con los grupos de la Defensa Popular y con el Movimiento de Resistencia Nacional de El L\u00edbano, nuestras fuerzas armadas restablecieron su control sobre las zonas de Raas al-Maara, la colina de Mosa, la monta\u00f1a Shamis al-Hasan, Karnet al-Tawil, Fletah y en muchos de los puntos y colinas importantes.<\/p>\n<p style=\"text-align: justify\">Seg\u00fan el comunicado emitido por La Comandancia General del Ej\u00e9rcito y de las fuerzas armadas, que SANA recibi\u00f3 una copia del cual, La Comandancia General del Ej\u00e9rcito y de las fuerzas armadas confirm\u00f3 que los logros conseguidos en la zona del Qalamoun, juegan un gran papel en asegurar las fronteras del L\u00edbano y en Cortar las v\u00edas de suministro hacia las zonas centrales.<\/p>\n<p style=\"text-align: justify\">El comunicado se concluy\u00f3, confirmando que las Fuerzas armadas valientes seguir\u00e1n con sus tareas sagradas para lograr m\u00e1s \u00e9xitos en todo el territorio sirio y acabar con el terrorismo.<\/p>\n<p>M.Miri, Riad.Sh<\/p>\n","protected":false},"excerpt":{"rendered":"<p>Damasco-SANA El Comando General de las Fuerzas Armadas confirm\u00f3 que las operaciones siguen en curso para lograr el control completo sobre todo el Qalamoun, a lo largo de la frontera sirio-libanesa despu\u00e9s de infligir grandes p\u00e9rdidas tanto humanas como materiales en las filas de \/ Frente Al-Nusra \/ y \/ Daesh \/. La Comandancia General &hellip;<\/p>\n","protected":false},"author":1,"featured_media":24571,"comment_status":"closed","ping_status":"closed","sticky":false,"template":"","format":"standard","meta":{"footnotes":""},"categories":[477,476],"tags":[5544,5545],"class_list":["post-24570","post","type-post","status-publish","format-standard","has-post-thumbnail","","category-noticias-edulcorantes","category-locales","tag-la-comandancia-general-del-ejercito-y-de-las-ffaa-las-operaciones-militares-seguiran-hasta-lograr-el-control-completo-sobre-todo-el-qalamoun","tag-las-operaciones-militares-seguiran-hasta-lograr-el-control-completo-sobre-todo-el-qalamoun"],"_links":{"self":[{"href":"https:\/\/archive.sana.sy\/es\/index.php?rest_route=\/wp\/v2\/posts\/24570"}],"collection":[{"href":"https:\/\/archive.sana.sy\/es\/index.php?rest_route=\/wp\/v2\/posts"}],"about":[{"href":"https:\/\/archive.sana.sy\/es\/index.php?rest_route=\/wp\/v2\/types\/post"}],"author":[{"embeddable":true,"href":"https:\/\/archive.sana.sy\/es\/index.php?rest_route=\/wp\/v2\/users\/1"}],"replies":[{"embeddable":true,"href":"https:\/\/archive.sana.sy\/es\/index.php?rest_route=%2Fwp%2Fv2%2Fcomments&post=24570"}],"version-history":[{"count":0,"href":"https:\/\/archive.sana.sy\/es\/index.php?rest_route=\/wp\/v2\/posts\/24570\/revisions"}],"wp:featuredmedia":[{"embeddable":true,"href":"https:\/\/archive.sana.sy\/es\/index.php?rest_route=\/wp\/v2\/media\/24571"}],"wp:attachment":[{"href":"https:\/\/archive.sana.sy\/es\/index.php?rest_route=%2Fwp%2Fv2%2Fmedia&parent=24570"}],"wp:term":[{"taxonomy":"category","embeddable":true,"href":"https:\/\/archive.sana.sy\/es\/index.php?rest_route=%2Fwp%2Fv2%2Fcategories&post=24570"},{"taxonomy":"post_tag","embeddable":true,"href":"https:\/\/archive.sana.sy\/es\/index.php?rest_route=%2Fwp%2Fv2%2Ftags&post=24570"}],"curies":[{"name":"wp","href":"https:\/\/api.w.org\/{rel}","templated":true}]}}