{"id":245738,"date":"2022-07-29T17:50:28","date_gmt":"2022-07-29T14:50:28","guid":{"rendered":"http:\/\/107.6.182.27\/es\/?p=245738"},"modified":"2022-07-29T17:50:28","modified_gmt":"2022-07-29T14:50:28","slug":"presidente-libanes-recibe-a-los-ministros-de-agricultura-de-siria-jordania-iraq-y-libano","status":"publish","type":"post","link":"https:\/\/archive.sana.sy\/es\/?p=245738","title":{"rendered":"Presidente liban\u00e9s recibe a los ministros de agricultura de Siria, Jordania, Iraq y L\u00edbano"},"content":{"rendered":"<p style=\"text-align: justify;\"><span style=\"color: #800000;\"><strong>Beirut, 29 jul (SANA)<\/strong> \u00a0<\/span>El presidente liban\u00e9s, Michel Aoun, destac\u00f3 la importancia de unir los esfuerzos \u00e1rabes para enfrentar el problema de la seguridad alimentaria y asegurar alimentos y productos agr\u00edcolas para los pa\u00edses \u00e1rabes.<\/p>\n<p style=\"text-align: justify;\">Esta postura del mandatario liban\u00e9s fue expresada durante su recibimiento hoy a los ministros de Agricultura de Siria, Muhammad Hassan Qatna, de L\u00edbano, Abbas Haj Hassan, de Jordania, Khaled Al-Hanaifat, y de Iraq, Muhammad Karim Al-Khafaji.<\/p>\n<p style=\"text-align: justify;\">El presidente se\u00f1al\u00f3 la importancia de esta reuni\u00f3n en Beirut de los cuatros ministros de agricultura para mejorar los intercambios comerciales, resolver la escasez de alimentos y lograr la integraci\u00f3n alimentaria, especialmente ante la actual crisis alimentaria mundial.<\/p>\n<p style=\"text-align: justify;\">Por su parte, el ministro sirio destac\u00f3 que el objetivo de la reuni\u00f3n es superar las dificultades y problemas que enfrenta el intercambio de productos agr\u00edcolas entre los cuatro pa\u00edses, y destac\u00f3 la necesidad de unificar los procedimientos administrativos relacionados con cuarentena vegetal y veterinaria, las cuestiones del tr\u00e1nsito, las especificaciones est\u00e1ndar y los diversos procedimientos t\u00e9cnicos y administrativos que facilitan el intercambio agr\u00edcola entre los cuatro pa\u00edses.<\/p>\n<p style=\"text-align: justify;\">\u201cLograr un acuerdo beneficiar\u00e1 los agricultores en los cuatro pa\u00edses y aportar\u00e1 a lograr la integraci\u00f3n y la seguridad alimentaria que se perdi\u00f3 durante el per\u00edodo reciente\u201d, dijo el titular sirio de agricultura.<\/p>\n<p style=\"text-align: justify;\">fm\/sm<\/p>\n","protected":false},"excerpt":{"rendered":"<p>Beirut, 29 jul (SANA) \u00a0El presidente liban\u00e9s, Michel Aoun, destac\u00f3 la importancia de unir los esfuerzos \u00e1rabes para enfrentar el problema de la seguridad alimentaria y asegurar alimentos y productos agr\u00edcolas para los pa\u00edses \u00e1rabes. Esta postura del mandatario liban\u00e9s fue expresada durante su recibimiento hoy a los ministros de Agricultura de Siria, Muhammad Hassan &hellip;<\/p>\n","protected":false},"author":39,"featured_media":245739,"comment_status":"closed","ping_status":"closed","sticky":false,"template":"","format":"standard","meta":{"footnotes":""},"categories":[597,20724,467,7541],"tags":[],"class_list":["post-245738","post","type-post","status-publish","format-standard","has-post-thumbnail","","category-cinta-de-noticias","category-minuto-a-minuto","category-siria-y-el-mundo","category-ultimas-noticias"],"_links":{"self":[{"href":"https:\/\/archive.sana.sy\/es\/index.php?rest_route=\/wp\/v2\/posts\/245738"}],"collection":[{"href":"https:\/\/archive.sana.sy\/es\/index.php?rest_route=\/wp\/v2\/posts"}],"about":[{"href":"https:\/\/archive.sana.sy\/es\/index.php?rest_route=\/wp\/v2\/types\/post"}],"author":[{"embeddable":true,"href":"https:\/\/archive.sana.sy\/es\/index.php?rest_route=\/wp\/v2\/users\/39"}],"replies":[{"embeddable":true,"href":"https:\/\/archive.sana.sy\/es\/index.php?rest_route=%2Fwp%2Fv2%2Fcomments&post=245738"}],"version-history":[{"count":0,"href":"https:\/\/archive.sana.sy\/es\/index.php?rest_route=\/wp\/v2\/posts\/245738\/revisions"}],"wp:featuredmedia":[{"embeddable":true,"href":"https:\/\/archive.sana.sy\/es\/index.php?rest_route=\/wp\/v2\/media\/245739"}],"wp:attachment":[{"href":"https:\/\/archive.sana.sy\/es\/index.php?rest_route=%2Fwp%2Fv2%2Fmedia&parent=245738"}],"wp:term":[{"taxonomy":"category","embeddable":true,"href":"https:\/\/archive.sana.sy\/es\/index.php?rest_route=%2Fwp%2Fv2%2Fcategories&post=245738"},{"taxonomy":"post_tag","embeddable":true,"href":"https:\/\/archive.sana.sy\/es\/index.php?rest_route=%2Fwp%2Fv2%2Ftags&post=245738"}],"curies":[{"name":"wp","href":"https:\/\/api.w.org\/{rel}","templated":true}]}}