{"id":245745,"date":"2022-07-29T18:59:57","date_gmt":"2022-07-29T15:59:57","guid":{"rendered":"http:\/\/107.6.182.27\/es\/?p=245745"},"modified":"2023-01-10T15:55:33","modified_gmt":"2023-01-10T13:55:33","slug":"militares-israelies-asesinan-a-un-palestino-e-hieren-a-decenas-en-ramallah","status":"publish","type":"post","link":"https:\/\/archive.sana.sy\/es\/?p=245745","title":{"rendered":"Militares israel\u00edes asesinan a un palestino e hieren a decenas en Ramallah"},"content":{"rendered":"<p style=\"text-align: justify;\"><strong>Jerusal\u00e9n ocupada, 29 jul (SANA)<\/strong>\u00a0 Un joven palestino fue asesinado y decenas resultaron heridos cuando las fuerzas de ocupaci\u00f3n israel\u00edes reprimieron una manifestaci\u00f3n contra la pol\u00edtica de asentamientos en la localidad de Al-Mughir, al este de Ramallah en Cisjordania.<\/p>\n<p style=\"text-align: justify;\">El corresponsal de SANA en Palestina ocupada afirm\u00f3 que las tropas sionistas y los colonos israel\u00edes atacaron a los participantes en la manifestaci\u00f3n y dispararon balas reales y bombas de gas lacrim\u00f3geno, lo que provoc\u00f3 la muerte del joven de 16 a\u00f1os, Amjad Nashat Abu Aliya, adem\u00e1s de la lesi\u00f3n y asfixia de decenas.<\/p>\n<p style=\"text-align: justify;\">Anteayer, decenas de palestinos resultaron heridos, cuando los soldados israel\u00edes agredieron a una manifestaci\u00f3n en la localidad de Haris, al oeste de Salfit, en Cisjordania.<\/p>\n<p style=\"text-align: justify;\">sm\/fm<\/p>\n","protected":false},"excerpt":{"rendered":"<p>Jerusal\u00e9n ocupada, 29 jul (SANA)\u00a0 Un joven palestino fue asesinado y decenas resultaron heridos cuando las fuerzas de ocupaci\u00f3n israel\u00edes reprimieron una manifestaci\u00f3n contra la pol\u00edtica de asentamientos en la localidad de Al-Mughir, al este de Ramallah en Cisjordania. El corresponsal de SANA en Palestina ocupada afirm\u00f3 que las tropas sionistas y los colonos israel\u00edes &hellip;<\/p>\n","protected":false},"author":39,"featured_media":245746,"comment_status":"closed","ping_status":"closed","sticky":false,"template":"","format":"standard","meta":{"footnotes":""},"categories":[597,456,20724],"tags":[],"class_list":["post-245745","post","type-post","status-publish","format-standard","has-post-thumbnail","","category-cinta-de-noticias","category-arabe-internacional-politica","category-minuto-a-minuto"],"_links":{"self":[{"href":"https:\/\/archive.sana.sy\/es\/index.php?rest_route=\/wp\/v2\/posts\/245745"}],"collection":[{"href":"https:\/\/archive.sana.sy\/es\/index.php?rest_route=\/wp\/v2\/posts"}],"about":[{"href":"https:\/\/archive.sana.sy\/es\/index.php?rest_route=\/wp\/v2\/types\/post"}],"author":[{"embeddable":true,"href":"https:\/\/archive.sana.sy\/es\/index.php?rest_route=\/wp\/v2\/users\/39"}],"replies":[{"embeddable":true,"href":"https:\/\/archive.sana.sy\/es\/index.php?rest_route=%2Fwp%2Fv2%2Fcomments&post=245745"}],"version-history":[{"count":0,"href":"https:\/\/archive.sana.sy\/es\/index.php?rest_route=\/wp\/v2\/posts\/245745\/revisions"}],"wp:featuredmedia":[{"embeddable":true,"href":"https:\/\/archive.sana.sy\/es\/index.php?rest_route=\/wp\/v2\/media\/245746"}],"wp:attachment":[{"href":"https:\/\/archive.sana.sy\/es\/index.php?rest_route=%2Fwp%2Fv2%2Fmedia&parent=245745"}],"wp:term":[{"taxonomy":"category","embeddable":true,"href":"https:\/\/archive.sana.sy\/es\/index.php?rest_route=%2Fwp%2Fv2%2Fcategories&post=245745"},{"taxonomy":"post_tag","embeddable":true,"href":"https:\/\/archive.sana.sy\/es\/index.php?rest_route=%2Fwp%2Fv2%2Ftags&post=245745"}],"curies":[{"name":"wp","href":"https:\/\/api.w.org\/{rel}","templated":true}]}}