{"id":245953,"date":"2022-07-30T20:50:16","date_gmt":"2022-07-30T17:50:16","guid":{"rendered":"http:\/\/107.6.182.27\/es\/?p=245953"},"modified":"2022-07-30T21:50:12","modified_gmt":"2022-07-30T18:50:12","slug":"ponen-en-servicio-la-segunda-pista-del-aeropuerto-internacional-de-damasco","status":"publish","type":"post","link":"https:\/\/archive.sana.sy\/es\/?p=245953","title":{"rendered":"Ponen en servicio la segunda pista del Aeropuerto Internacional de Damasco"},"content":{"rendered":"<p style=\"text-align: justify;\"><span style=\"color: #800000;\"><strong>Damasco, 30 jul (SANA)\u00a0 \u00a0<\/strong><\/span>El Ministerio de Transporte puso en servicio hoy la segunda pista de aterrizaje del Aeropuerto Internacional de Damasco, luego de que el personal del Ministerio y la Empresa Estatal de Aviaci\u00f3n Civil completaran las obras de reparaci\u00f3n y mantenimiento de la pista.<\/p>\n<p style=\"text-align: justify;\">El ministro de Transporte, Zuhair Khuzaym, afirm\u00f3 durante un recorrido por el Aeropuerto que la rehabilitaci\u00f3n fue llevado a cabo de acuerdo con los est\u00e1ndares internacionales.<\/p>\n<p style=\"text-align: justify;\">Tambi\u00e9n, inspeccion\u00f3 el trabajo del Aeropuerto y escuch\u00f3 a las observaciones y sugerencias de varios pasajeros en funci\u00f3n de desarrollar los servicios.<\/p>\n<p style=\"text-align: justify;\">Cabe destacar que el Aeropuerto Internacional de Damasco recuper\u00f3 la operatividad el 23 de junio despu\u00e9s de que trabajadores y t\u00e9cnicos sirios repararan las pistas de aterrizaje y la terminal de los da\u00f1os que sufrieron a consecuencia de una agresi\u00f3n israel\u00ed el 10 del pasado mes de junio.<\/p>\n<p style=\"text-align: justify;\">rr\/fm<\/p>\n<p>&nbsp;<\/p>\n<div id='gallery-1' class='gallery galleryid-245953 gallery-columns-1 gallery-size-full'><figure class='gallery-item'>\n\t\t\t<div class='gallery-icon landscape'>\n\t\t\t\t<a href='https:\/\/archive.sana.sy\/es\/wp-content\/uploads\/2022\/07\/\u0631\u0631-5.jpg'><img loading=\"lazy\" decoding=\"async\" width=\"660\" height=\"370\" src=\"https:\/\/archive.sana.sy\/es\/wp-content\/uploads\/2022\/07\/\u0631\u0631-5.jpg\" class=\"attachment-full size-full\" alt=\"\" srcset=\"https:\/\/archive.sana.sy\/es\/wp-content\/uploads\/2022\/07\/\u0631\u0631-5.jpg 660w, https:\/\/archive.sana.sy\/es\/wp-content\/uploads\/2022\/07\/\u0631\u0631-5-300x168.jpg 300w, https:\/\/archive.sana.sy\/es\/wp-content\/uploads\/2022\/07\/\u0631\u0631-5-150x84.jpg 150w\" sizes=\"(max-width: 660px) 100vw, 660px\" \/><\/a>\n\t\t\t<\/div><\/figure><figure class='gallery-item'>\n\t\t\t<div class='gallery-icon landscape'>\n\t\t\t\t<a href='https:\/\/archive.sana.sy\/es\/wp-content\/uploads\/2022\/07\/photo_2022-07-30_20-04-42.jpg'><img loading=\"lazy\" decoding=\"async\" width=\"830\" height=\"583\" src=\"https:\/\/archive.sana.sy\/es\/wp-content\/uploads\/2022\/07\/photo_2022-07-30_20-04-42.jpg\" class=\"attachment-full size-full\" alt=\"\" srcset=\"https:\/\/archive.sana.sy\/es\/wp-content\/uploads\/2022\/07\/photo_2022-07-30_20-04-42.jpg 830w, https:\/\/archive.sana.sy\/es\/wp-content\/uploads\/2022\/07\/photo_2022-07-30_20-04-42-300x211.jpg 300w, https:\/\/archive.sana.sy\/es\/wp-content\/uploads\/2022\/07\/photo_2022-07-30_20-04-42-150x105.jpg 150w, https:\/\/archive.sana.sy\/es\/wp-content\/uploads\/2022\/07\/photo_2022-07-30_20-04-42-768x539.jpg 768w\" sizes=\"(max-width: 830px) 100vw, 830px\" \/><\/a>\n\t\t\t<\/div><\/figure><figure class='gallery-item'>\n\t\t\t<div class='gallery-icon landscape'>\n\t\t\t\t<a href='https:\/\/archive.sana.sy\/es\/wp-content\/uploads\/2022\/07\/photo_2022-07-30_20-05-32.jpg'><img loading=\"lazy\" decoding=\"async\" width=\"929\" height=\"650\" src=\"https:\/\/archive.sana.sy\/es\/wp-content\/uploads\/2022\/07\/photo_2022-07-30_20-05-32.jpg\" class=\"attachment-full size-full\" alt=\"\" srcset=\"https:\/\/archive.sana.sy\/es\/wp-content\/uploads\/2022\/07\/photo_2022-07-30_20-05-32.jpg 929w, https:\/\/archive.sana.sy\/es\/wp-content\/uploads\/2022\/07\/photo_2022-07-30_20-05-32-300x210.jpg 300w, https:\/\/archive.sana.sy\/es\/wp-content\/uploads\/2022\/07\/photo_2022-07-30_20-05-32-150x105.jpg 150w, https:\/\/archive.sana.sy\/es\/wp-content\/uploads\/2022\/07\/photo_2022-07-30_20-05-32-768x537.jpg 768w\" sizes=\"(max-width: 929px) 100vw, 929px\" \/><\/a>\n\t\t\t<\/div><\/figure><figure class='gallery-item'>\n\t\t\t<div class='gallery-icon landscape'>\n\t\t\t\t<a href='https:\/\/archive.sana.sy\/es\/wp-content\/uploads\/2022\/07\/photo_2022-07-30_20-05-56.jpg'><img loading=\"lazy\" decoding=\"async\" width=\"1280\" height=\"846\" src=\"https:\/\/archive.sana.sy\/es\/wp-content\/uploads\/2022\/07\/photo_2022-07-30_20-05-56.jpg\" class=\"attachment-full size-full\" alt=\"\" srcset=\"https:\/\/archive.sana.sy\/es\/wp-content\/uploads\/2022\/07\/photo_2022-07-30_20-05-56.jpg 1280w, https:\/\/archive.sana.sy\/es\/wp-content\/uploads\/2022\/07\/photo_2022-07-30_20-05-56-300x198.jpg 300w, https:\/\/archive.sana.sy\/es\/wp-content\/uploads\/2022\/07\/photo_2022-07-30_20-05-56-1024x677.jpg 1024w, https:\/\/archive.sana.sy\/es\/wp-content\/uploads\/2022\/07\/photo_2022-07-30_20-05-56-150x99.jpg 150w, https:\/\/archive.sana.sy\/es\/wp-content\/uploads\/2022\/07\/photo_2022-07-30_20-05-56-768x508.jpg 768w, https:\/\/archive.sana.sy\/es\/wp-content\/uploads\/2022\/07\/photo_2022-07-30_20-05-56-310x205.jpg 310w\" sizes=\"(max-width: 1280px) 100vw, 1280px\" \/><\/a>\n\t\t\t<\/div><\/figure>\n\t\t<\/div>\n\n","protected":false},"excerpt":{"rendered":"<p>Damasco, 30 jul (SANA)\u00a0 \u00a0El Ministerio de Transporte puso en servicio hoy la segunda pista de aterrizaje del Aeropuerto Internacional de Damasco, luego de que el personal del Ministerio y la Empresa Estatal de Aviaci\u00f3n Civil completaran las obras de reparaci\u00f3n y mantenimiento de la pista. El ministro de Transporte, Zuhair Khuzaym, afirm\u00f3 durante un &hellip;<\/p>\n","protected":false},"author":31,"featured_media":245955,"comment_status":"closed","ping_status":"closed","sticky":false,"template":"","format":"standard","meta":{"footnotes":""},"categories":[597,476,7541],"tags":[],"class_list":["post-245953","post","type-post","status-publish","format-standard","has-post-thumbnail","","category-cinta-de-noticias","category-locales","category-ultimas-noticias"],"_links":{"self":[{"href":"https:\/\/archive.sana.sy\/es\/index.php?rest_route=\/wp\/v2\/posts\/245953"}],"collection":[{"href":"https:\/\/archive.sana.sy\/es\/index.php?rest_route=\/wp\/v2\/posts"}],"about":[{"href":"https:\/\/archive.sana.sy\/es\/index.php?rest_route=\/wp\/v2\/types\/post"}],"author":[{"embeddable":true,"href":"https:\/\/archive.sana.sy\/es\/index.php?rest_route=\/wp\/v2\/users\/31"}],"replies":[{"embeddable":true,"href":"https:\/\/archive.sana.sy\/es\/index.php?rest_route=%2Fwp%2Fv2%2Fcomments&post=245953"}],"version-history":[{"count":0,"href":"https:\/\/archive.sana.sy\/es\/index.php?rest_route=\/wp\/v2\/posts\/245953\/revisions"}],"wp:featuredmedia":[{"embeddable":true,"href":"https:\/\/archive.sana.sy\/es\/index.php?rest_route=\/wp\/v2\/media\/245955"}],"wp:attachment":[{"href":"https:\/\/archive.sana.sy\/es\/index.php?rest_route=%2Fwp%2Fv2%2Fmedia&parent=245953"}],"wp:term":[{"taxonomy":"category","embeddable":true,"href":"https:\/\/archive.sana.sy\/es\/index.php?rest_route=%2Fwp%2Fv2%2Fcategories&post=245953"},{"taxonomy":"post_tag","embeddable":true,"href":"https:\/\/archive.sana.sy\/es\/index.php?rest_route=%2Fwp%2Fv2%2Ftags&post=245953"}],"curies":[{"name":"wp","href":"https:\/\/api.w.org\/{rel}","templated":true}]}}