{"id":245990,"date":"2022-07-31T17:14:53","date_gmt":"2022-07-31T14:14:53","guid":{"rendered":"http:\/\/107.6.182.27\/es\/?p=245990"},"modified":"2022-07-31T22:19:16","modified_gmt":"2022-07-31T19:19:16","slug":"dos-civiles-heridos-por-ataque-turco-con-artilleria-contra-provincia-siria-de-hasakeh","status":"publish","type":"post","link":"https:\/\/archive.sana.sy\/es\/?p=245990","title":{"rendered":"Dos civiles heridos por ataque turco con artiller\u00eda contra provincia siria de Hasakeh"},"content":{"rendered":"<p style=\"text-align: justify;\"><span style=\"color: #800000;\"><strong>Hasakeh, 31 jul (SANA)<\/strong><\/span>\u00a0\u00a0 Dos ciudadanos resultaron heridos por ataque con artiller\u00eda de las fuerzas turcas en las cercan\u00edas de la localidad de Tal Tamer, al noroeste de la provincia siria de Hasakeh.<\/p>\n<p style=\"text-align: justify;\">Activistas locales informaron a SANA que \u201cla artiller\u00eda del ocupante atac\u00f3 con varios proyectiles el poblado al-Salama, en las cercan\u00edas de Tal Tamer, hiriendo a dos ciudadanos y causando da\u00f1os materiales en las propiedades y la infraestructura.<\/p>\n<p style=\"text-align: justify;\">La v\u00edspera, las fuerzas de ocupaci\u00f3n turcas atacaron la aldea de Mulla Abbas y ocasionaron da\u00f1os materiales.<\/p>\n<p style=\"text-align: justify;\">fm<\/p>\n<p style=\"text-align: justify;\">\n","protected":false},"excerpt":{"rendered":"<p>Hasakeh, 31 jul (SANA)\u00a0\u00a0 Dos ciudadanos resultaron heridos por ataque con artiller\u00eda de las fuerzas turcas en las cercan\u00edas de la localidad de Tal Tamer, al noroeste de la provincia siria de Hasakeh. Activistas locales informaron a SANA que \u201cla artiller\u00eda del ocupante atac\u00f3 con varios proyectiles el poblado al-Salama, en las cercan\u00edas de Tal &hellip;<\/p>\n","protected":false},"author":34,"featured_media":245991,"comment_status":"closed","ping_status":"closed","sticky":false,"template":"","format":"standard","meta":{"footnotes":""},"categories":[447,477,597,573,476,457,7541],"tags":[],"class_list":["post-245990","post","type-post","status-publish","format-standard","has-post-thumbnail","","category-local-politica","category-noticias-edulcorantes","category-cinta-de-noticias","category-la-realidad-de-los-acontecimientos-en-siria","category-locales","category-noticias-arabe-internacional-politica","category-ultimas-noticias"],"_links":{"self":[{"href":"https:\/\/archive.sana.sy\/es\/index.php?rest_route=\/wp\/v2\/posts\/245990"}],"collection":[{"href":"https:\/\/archive.sana.sy\/es\/index.php?rest_route=\/wp\/v2\/posts"}],"about":[{"href":"https:\/\/archive.sana.sy\/es\/index.php?rest_route=\/wp\/v2\/types\/post"}],"author":[{"embeddable":true,"href":"https:\/\/archive.sana.sy\/es\/index.php?rest_route=\/wp\/v2\/users\/34"}],"replies":[{"embeddable":true,"href":"https:\/\/archive.sana.sy\/es\/index.php?rest_route=%2Fwp%2Fv2%2Fcomments&post=245990"}],"version-history":[{"count":0,"href":"https:\/\/archive.sana.sy\/es\/index.php?rest_route=\/wp\/v2\/posts\/245990\/revisions"}],"wp:featuredmedia":[{"embeddable":true,"href":"https:\/\/archive.sana.sy\/es\/index.php?rest_route=\/wp\/v2\/media\/245991"}],"wp:attachment":[{"href":"https:\/\/archive.sana.sy\/es\/index.php?rest_route=%2Fwp%2Fv2%2Fmedia&parent=245990"}],"wp:term":[{"taxonomy":"category","embeddable":true,"href":"https:\/\/archive.sana.sy\/es\/index.php?rest_route=%2Fwp%2Fv2%2Fcategories&post=245990"},{"taxonomy":"post_tag","embeddable":true,"href":"https:\/\/archive.sana.sy\/es\/index.php?rest_route=%2Fwp%2Fv2%2Ftags&post=245990"}],"curies":[{"name":"wp","href":"https:\/\/api.w.org\/{rel}","templated":true}]}}