{"id":246086,"date":"2022-07-31T16:50:17","date_gmt":"2022-07-31T13:50:17","guid":{"rendered":"http:\/\/107.6.182.27\/es\/?p=246086"},"modified":"2023-01-10T15:55:29","modified_gmt":"2023-01-10T13:55:29","slug":"teheran-anuncia-el-arresto-de-un-sueco-por-cargos-de-espionaje","status":"publish","type":"post","link":"https:\/\/archive.sana.sy\/es\/?p=246086","title":{"rendered":"Teher\u00e1n anuncia el arresto de un sueco por cargos de espionaje"},"content":{"rendered":"<blockquote>\n<p style=\"text-align: justify;\"><strong>El Ministerio de Inteligencia iran\u00ed ha reiterado que la seguridad del pa\u00eds y la naci\u00f3n es su l\u00ednea roja y responde con firmeza a la m\u00e1s m\u00ednima violaci\u00f3n de las fronteras de seguridad del pa\u00eds, sin considerar el ruido de cantantes profesionales del coro sionista-occidental.<\/strong><\/p>\n<\/blockquote>\n<p style=\"text-align: justify;\"><strong><span style=\"color: #800000;\">Teher\u00e1n, 31 jul (SANA)\u00a0<\/span><\/strong> \u00a0 El Ministerio de Inteligencia de Ir\u00e1n anunci\u00f3 el arresto de un sueco acusado de espiar y adirti\u00f3 al pa\u00eds europeo de enfrentar una reacci\u00f3n adecuada si contin\u00faa funcionando como una herramienta de espionaje.<\/p>\n<p style=\"text-align: justify;\">El Ministerio explic\u00f3 que el detenido se encontraba en la lista de sospechosos de la unidad antiespionaje de esta Cartera y que todos sus movimientos y contactos estaban bajo total supervisi\u00f3n de las fuerzas de Inteligencia del pa\u00eds.<\/p>\n<p style=\"text-align: justify;\">\u201cLos hallazgos confirman que el acusado, de conformidad con los principios profesionales de comunicaci\u00f3n, protecci\u00f3n y ocultaci\u00f3n, estaba en contacto en todos sus viajes anteriores con una serie de elementos sospechosos europeos y no europeos que se encontraban tambi\u00e9n bajo la vigilancia en Ir\u00e1n\u201d, afirm\u00f3 el documento citado por Hispan TV.<\/p>\n<p style=\"text-align: justify;\">El Ministerio de Inteligencia iran\u00ed ha reiterado que la seguridad del pa\u00eds y la naci\u00f3n es su l\u00ednea roja y responde con firmeza a la m\u00e1s m\u00ednima violaci\u00f3n de las fronteras de seguridad del pa\u00eds, sin considerar el ruido de cantantes profesionales del coro sionista-occidental.<\/p>\n<p style=\"text-align: justify;\">fm\/ed<\/p>\n","protected":false},"excerpt":{"rendered":"<p>El Ministerio de Inteligencia iran\u00ed ha reiterado que la seguridad del pa\u00eds y la naci\u00f3n es su l\u00ednea roja y responde con firmeza a la m\u00e1s m\u00ednima violaci\u00f3n de las fronteras de seguridad del pa\u00eds, sin considerar el ruido de cantantes profesionales del coro sionista-occidental. Teher\u00e1n, 31 jul (SANA)\u00a0 \u00a0 El Ministerio de Inteligencia de &hellip;<\/p>\n","protected":false},"author":32,"featured_media":246087,"comment_status":"closed","ping_status":"closed","sticky":false,"template":"","format":"standard","meta":{"footnotes":""},"categories":[597,456,7541],"tags":[],"class_list":["post-246086","post","type-post","status-publish","format-standard","has-post-thumbnail","","category-cinta-de-noticias","category-arabe-internacional-politica","category-ultimas-noticias"],"_links":{"self":[{"href":"https:\/\/archive.sana.sy\/es\/index.php?rest_route=\/wp\/v2\/posts\/246086"}],"collection":[{"href":"https:\/\/archive.sana.sy\/es\/index.php?rest_route=\/wp\/v2\/posts"}],"about":[{"href":"https:\/\/archive.sana.sy\/es\/index.php?rest_route=\/wp\/v2\/types\/post"}],"author":[{"embeddable":true,"href":"https:\/\/archive.sana.sy\/es\/index.php?rest_route=\/wp\/v2\/users\/32"}],"replies":[{"embeddable":true,"href":"https:\/\/archive.sana.sy\/es\/index.php?rest_route=%2Fwp%2Fv2%2Fcomments&post=246086"}],"version-history":[{"count":0,"href":"https:\/\/archive.sana.sy\/es\/index.php?rest_route=\/wp\/v2\/posts\/246086\/revisions"}],"wp:featuredmedia":[{"embeddable":true,"href":"https:\/\/archive.sana.sy\/es\/index.php?rest_route=\/wp\/v2\/media\/246087"}],"wp:attachment":[{"href":"https:\/\/archive.sana.sy\/es\/index.php?rest_route=%2Fwp%2Fv2%2Fmedia&parent=246086"}],"wp:term":[{"taxonomy":"category","embeddable":true,"href":"https:\/\/archive.sana.sy\/es\/index.php?rest_route=%2Fwp%2Fv2%2Fcategories&post=246086"},{"taxonomy":"post_tag","embeddable":true,"href":"https:\/\/archive.sana.sy\/es\/index.php?rest_route=%2Fwp%2Fv2%2Ftags&post=246086"}],"curies":[{"name":"wp","href":"https:\/\/api.w.org\/{rel}","templated":true}]}}