{"id":24617,"date":"2015-06-06T15:05:26","date_gmt":"2015-06-06T12:05:26","guid":{"rendered":"http:\/\/sana.sy\/es\/?p=24617"},"modified":"2015-06-06T15:05:26","modified_gmt":"2015-06-06T12:05:26","slug":"nueve-heridos-en-ataques-terroristas-contra-la-ciudad-de-alepo","status":"publish","type":"post","link":"https:\/\/archive.sana.sy\/es\/?p=24617","title":{"rendered":"Nueve heridos en ataques terroristas contra la ciudad de Alepo"},"content":{"rendered":"<p><span style=\"color: #800000\">Alepo, SANA<\/span><\/p>\n<p>Una fuente policial report\u00f3 que terroristas atrincherados en el barrio de Bani Zaid lanzaron este s\u00e1bado misiles contra el barrio de al-Ashrafie en la ciudad septentrional de Alepo, lo que caus\u00f3 heridas a nueve personas, adem\u00e1s de da\u00f1os materiales en varias casas.<\/p>\n<p>La fuente agreg\u00f3 que entre los nueve heridos hay tres ni\u00f1os.<\/p>\n<p>Cabe destacar que el barrio de al-Ashrafie ha sido blanco de varios ataques, el \u00faltimo se produjo el 23 del pasado mes de mayo, y dej\u00f3 muerto a un ni\u00f1o y heridos a al menos 10 ciudadanos.<\/p>\n<p>&nbsp;<\/p>\n<p>Lynn A.<\/p>\n","protected":false},"excerpt":{"rendered":"<p>Alepo, SANA Una fuente policial report\u00f3 que terroristas atrincherados en el barrio de Bani Zaid lanzaron este s\u00e1bado misiles contra el barrio de al-Ashrafie en la ciudad septentrional de Alepo, lo que caus\u00f3 heridas a nueve personas, adem\u00e1s de da\u00f1os materiales en varias casas. La fuente agreg\u00f3 que entre los nueve heridos hay tres ni\u00f1os. &hellip;<\/p>\n","protected":false},"author":24,"featured_media":4177,"comment_status":"closed","ping_status":"closed","sticky":false,"template":"","format":"standard","meta":{"footnotes":""},"categories":[477,597,573,476],"tags":[5555],"class_list":["post-24617","post","type-post","status-publish","format-standard","has-post-thumbnail","","category-noticias-edulcorantes","category-cinta-de-noticias","category-la-realidad-de-los-acontecimientos-en-siria","category-locales","tag-nueve-heridos-en-ataques-terroristas-contra-la-ciudad-de-alepo"],"_links":{"self":[{"href":"https:\/\/archive.sana.sy\/es\/index.php?rest_route=\/wp\/v2\/posts\/24617"}],"collection":[{"href":"https:\/\/archive.sana.sy\/es\/index.php?rest_route=\/wp\/v2\/posts"}],"about":[{"href":"https:\/\/archive.sana.sy\/es\/index.php?rest_route=\/wp\/v2\/types\/post"}],"author":[{"embeddable":true,"href":"https:\/\/archive.sana.sy\/es\/index.php?rest_route=\/wp\/v2\/users\/24"}],"replies":[{"embeddable":true,"href":"https:\/\/archive.sana.sy\/es\/index.php?rest_route=%2Fwp%2Fv2%2Fcomments&post=24617"}],"version-history":[{"count":0,"href":"https:\/\/archive.sana.sy\/es\/index.php?rest_route=\/wp\/v2\/posts\/24617\/revisions"}],"wp:featuredmedia":[{"embeddable":true,"href":"https:\/\/archive.sana.sy\/es\/index.php?rest_route=\/wp\/v2\/media\/4177"}],"wp:attachment":[{"href":"https:\/\/archive.sana.sy\/es\/index.php?rest_route=%2Fwp%2Fv2%2Fmedia&parent=24617"}],"wp:term":[{"taxonomy":"category","embeddable":true,"href":"https:\/\/archive.sana.sy\/es\/index.php?rest_route=%2Fwp%2Fv2%2Fcategories&post=24617"},{"taxonomy":"post_tag","embeddable":true,"href":"https:\/\/archive.sana.sy\/es\/index.php?rest_route=%2Fwp%2Fv2%2Ftags&post=24617"}],"curies":[{"name":"wp","href":"https:\/\/api.w.org\/{rel}","templated":true}]}}