{"id":246568,"date":"2022-08-03T16:51:10","date_gmt":"2022-08-03T13:51:10","guid":{"rendered":"http:\/\/107.6.182.27\/es\/?p=246568"},"modified":"2023-01-10T14:03:08","modified_gmt":"2023-01-10T12:03:08","slug":"venezuela-ratifica-apoyo-a-siria-en-su-lucha-contra-el-terrorismo","status":"publish","type":"post","link":"https:\/\/archive.sana.sy\/es\/?p=246568","title":{"rendered":"Venezuela ratifica apoyo a Siria en su lucha contra el terrorismo"},"content":{"rendered":"<blockquote>\n<p style=\"text-align: justify\"><em><span style=\"color: #800000\"><strong>\u201cEs necesario fortalecer las relaciones bilaterales sirio-venezolanas y trabajar juntos en la construcci\u00f3n de un nuevo orden mundial multipolar en el que prevalezca el respeto a los principios estipulados por las leyes de Naciones Unidas\u201d, concluy\u00f3 el Canciller venezolano.<\/strong><\/span><\/em><\/p>\n<\/blockquote>\n<p style=\"text-align: justify\"><span style=\"color: #800000\"><strong>Caracas, 3 ago (SANA)<\/strong> <\/span>La Rep\u00fablica Bolivariana de Venezuela reiter\u00f3 hoy su solidaridad y apoyo a Siria, y destac\u00f3 las profundas relaciones que unen los dos pa\u00edses amigos.<\/p>\n<p style=\"text-align: justify\">Esta postura fue expresada en mensaje de felicitaci\u00f3n que recibi\u00f3 el ministro sirio de Exteriores, Faisal al-Mekdad, del ministro del Poder Popular para Relaciones Exteriores de la naci\u00f3n sudamericana, Carlos Rafael Faria Tortosa, con motivo del D\u00eda del Ej\u00e9rcito \u00c1rabe Sirio.<\/p>\n<p style=\"text-align: justify\">El canciller venezolano transmiti\u00f3 las felicitaciones del gobierno y pueblo de su pa\u00eds por este aniversario que coincide el primero de agosto.<\/p>\n<p><a href=\"http:\/\/107.6.182.27\/es\/wp-content\/uploads\/2022\/08\/Mekdad-Farria.jpg\"><img loading=\"lazy\" decoding=\"async\" class=\"size-medium wp-image-246571 alignleft\" src=\"http:\/\/107.6.182.27\/es\/wp-content\/uploads\/2022\/08\/Mekdad-Farria-300x150.jpg\" alt=\"\" width=\"300\" height=\"150\" srcset=\"https:\/\/archive.sana.sy\/es\/wp-content\/uploads\/2022\/08\/Mekdad-Farria-300x150.jpg 300w, https:\/\/archive.sana.sy\/es\/wp-content\/uploads\/2022\/08\/Mekdad-Farria-150x75.jpg 150w, https:\/\/archive.sana.sy\/es\/wp-content\/uploads\/2022\/08\/Mekdad-Farria.jpg 660w\" sizes=\"(max-width: 300px) 100vw, 300px\" \/><\/a><\/p>\n<p style=\"text-align: justify\">Asimismo, expres\u00f3 la plena solidaridad de su pa\u00eds con el pueblo sirio y su reconocimiento por el papel desempe\u00f1ado por el Ej\u00e9rcito \u00c1rabe Sirio, comandado por el presidente Bashar al-Assad, en la liberaci\u00f3n de Siria del terrorismo.<\/p>\n<p style=\"text-align: justify\">El jefe de la diplomacia venezolana expres\u00f3 su confianza en la capacidad de Siria para avanzar en la derrota de las fuerzas que buscan imponer su hegemon\u00eda e interferir en los asuntos internos de Siria.<\/p>\n<p style=\"text-align: justify\">\u201cEs necesario fortalecer las relaciones bilaterales sirio-venezolanas y trabajar juntos en la construcci\u00f3n de un nuevo orden mundial multipolar en el que prevalezca el respeto a los principios estipulados por las leyes de Naciones Unidas\u201d, concluy\u00f3 el Canciller venezolano.<\/p>\n<p style=\"text-align: justify\">fm\/la<\/p>\n","protected":false},"excerpt":{"rendered":"<p>\u201cEs necesario fortalecer las relaciones bilaterales sirio-venezolanas y trabajar juntos en la construcci\u00f3n de un nuevo orden mundial multipolar en el que prevalezca el respeto a los principios estipulados por las leyes de Naciones Unidas\u201d, concluy\u00f3 el Canciller venezolano. Caracas, 3 ago (SANA) La Rep\u00fablica Bolivariana de Venezuela reiter\u00f3 hoy su solidaridad y apoyo a &hellip;<\/p>\n","protected":false},"author":24,"featured_media":246569,"comment_status":"closed","ping_status":"closed","sticky":false,"template":"","format":"standard","meta":{"footnotes":""},"categories":[447,597,20724,467,583],"tags":[],"class_list":["post-246568","post","type-post","status-publish","format-standard","has-post-thumbnail","","category-local-politica","category-cinta-de-noticias","category-minuto-a-minuto","category-siria-y-el-mundo","category-slide"],"_links":{"self":[{"href":"https:\/\/archive.sana.sy\/es\/index.php?rest_route=\/wp\/v2\/posts\/246568"}],"collection":[{"href":"https:\/\/archive.sana.sy\/es\/index.php?rest_route=\/wp\/v2\/posts"}],"about":[{"href":"https:\/\/archive.sana.sy\/es\/index.php?rest_route=\/wp\/v2\/types\/post"}],"author":[{"embeddable":true,"href":"https:\/\/archive.sana.sy\/es\/index.php?rest_route=\/wp\/v2\/users\/24"}],"replies":[{"embeddable":true,"href":"https:\/\/archive.sana.sy\/es\/index.php?rest_route=%2Fwp%2Fv2%2Fcomments&post=246568"}],"version-history":[{"count":0,"href":"https:\/\/archive.sana.sy\/es\/index.php?rest_route=\/wp\/v2\/posts\/246568\/revisions"}],"wp:featuredmedia":[{"embeddable":true,"href":"https:\/\/archive.sana.sy\/es\/index.php?rest_route=\/wp\/v2\/media\/246569"}],"wp:attachment":[{"href":"https:\/\/archive.sana.sy\/es\/index.php?rest_route=%2Fwp%2Fv2%2Fmedia&parent=246568"}],"wp:term":[{"taxonomy":"category","embeddable":true,"href":"https:\/\/archive.sana.sy\/es\/index.php?rest_route=%2Fwp%2Fv2%2Fcategories&post=246568"},{"taxonomy":"post_tag","embeddable":true,"href":"https:\/\/archive.sana.sy\/es\/index.php?rest_route=%2Fwp%2Fv2%2Ftags&post=246568"}],"curies":[{"name":"wp","href":"https:\/\/api.w.org\/{rel}","templated":true}]}}