{"id":24660,"date":"2015-06-06T22:27:30","date_gmt":"2015-06-06T19:27:30","guid":{"rendered":"http:\/\/sana.sy\/es\/?p=24660"},"modified":"2023-01-09T14:10:05","modified_gmt":"2023-01-09T12:10:05","slug":"8-heridos-en-un-nuevo-ataque-terrorista-contra-el-campo-de-damasco","status":"publish","type":"post","link":"https:\/\/archive.sana.sy\/es\/?p=24660","title":{"rendered":"8 heridos en un nuevo ataque terrorista contra el campo de Damasco"},"content":{"rendered":"<p>Damasco, Campo-SANA<\/p>\n<p style=\"text-align: justify\">Terroristas atacaron hoy el s\u00e1bado la ciudad de Yaramanah en el campo de Damasco, causando lesiones a ocho personas.<\/p>\n<p style=\"text-align: justify\">Una fuente policial inform\u00f3 que ocho proyectiles de mortero disparado por los terroristas impactaron este s\u00e1bado en varias barrios residenciales de la ciudad de Yaramanh, dejando 8 personas heridos entre ellos un ani\u00f1a de nueve a\u00f1os, adem\u00e1s de da\u00f1os materiales en tres tiendas y cinco coches.<\/p>\n<p style=\"text-align: justify\">Es de se\u00f1alar que la ciudad de Yaramanah hab\u00eda sido blanco el 21 de abril de similares ataques terroristas, a consecuencia de los cuales un civil result\u00f3 herido.<\/p>\n<p>M.Miri<\/p>\n","protected":false},"excerpt":{"rendered":"<p>Damasco, Campo-SANA Terroristas atacaron hoy el s\u00e1bado la ciudad de Yaramanah en el campo de Damasco, causando lesiones a ocho personas. Una fuente policial inform\u00f3 que ocho proyectiles de mortero disparado por los terroristas impactaron este s\u00e1bado en varias barrios residenciales de la ciudad de Yaramanh, dejando 8 personas heridos entre ellos un ani\u00f1a de &hellip;<\/p>\n","protected":false},"author":1,"featured_media":3470,"comment_status":"closed","ping_status":"closed","sticky":false,"template":"","format":"standard","meta":{"footnotes":""},"categories":[477,573,476],"tags":[5564],"class_list":["post-24660","post","type-post","status-publish","format-standard","has-post-thumbnail","","category-noticias-edulcorantes","category-la-realidad-de-los-acontecimientos-en-siria","category-locales","tag-8-heridos-en-un-nuevo-ataque-terrorista-contra-el-campo-de-damasco"],"_links":{"self":[{"href":"https:\/\/archive.sana.sy\/es\/index.php?rest_route=\/wp\/v2\/posts\/24660"}],"collection":[{"href":"https:\/\/archive.sana.sy\/es\/index.php?rest_route=\/wp\/v2\/posts"}],"about":[{"href":"https:\/\/archive.sana.sy\/es\/index.php?rest_route=\/wp\/v2\/types\/post"}],"author":[{"embeddable":true,"href":"https:\/\/archive.sana.sy\/es\/index.php?rest_route=\/wp\/v2\/users\/1"}],"replies":[{"embeddable":true,"href":"https:\/\/archive.sana.sy\/es\/index.php?rest_route=%2Fwp%2Fv2%2Fcomments&post=24660"}],"version-history":[{"count":0,"href":"https:\/\/archive.sana.sy\/es\/index.php?rest_route=\/wp\/v2\/posts\/24660\/revisions"}],"wp:featuredmedia":[{"embeddable":true,"href":"https:\/\/archive.sana.sy\/es\/index.php?rest_route=\/wp\/v2\/media\/3470"}],"wp:attachment":[{"href":"https:\/\/archive.sana.sy\/es\/index.php?rest_route=%2Fwp%2Fv2%2Fmedia&parent=24660"}],"wp:term":[{"taxonomy":"category","embeddable":true,"href":"https:\/\/archive.sana.sy\/es\/index.php?rest_route=%2Fwp%2Fv2%2Fcategories&post=24660"},{"taxonomy":"post_tag","embeddable":true,"href":"https:\/\/archive.sana.sy\/es\/index.php?rest_route=%2Fwp%2Fv2%2Ftags&post=24660"}],"curies":[{"name":"wp","href":"https:\/\/api.w.org\/{rel}","templated":true}]}}